{"id":1303,"date":"2012-03-13T09:17:09","date_gmt":"2012-03-13T13:17:09","guid":{"rendered":"http:\/\/www.conservacionybiodiversidad.cl\/?p=1303"},"modified":"2012-03-13T09:17:09","modified_gmt":"2012-03-13T13:17:09","slug":"terram-exige-anular-licitacion-en-areas-protegidas","status":"publish","type":"post","link":"https:\/\/www.terram.cl\/biodiversidad\/2012\/03\/13\/terram-exige-anular-licitacion-en-areas-protegidas\/","title":{"rendered":"Terram exige anular licitaci\u00f3n en \u00e1reas protegidas"},"content":{"rendered":"<p style=\"text-align: justify\"><a href=\"https:\/\/www.terram.cl\/biodiversidad\/wp-content\/uploads\/sites\/3\/2012\/01\/logoterram.jpg\"><img loading=\"lazy\" decoding=\"async\" class=\"size-full wp-image-700 alignleft\" title=\"logoterram\" src=\"https:\/\/www.terram.cl\/biodiversidad\/wp-content\/uploads\/sites\/3\/2012\/01\/logoterram.jpg\" alt=\"\" width=\"150\" height=\"80\" srcset=\"https:\/\/www.terram.cl\/biodiversidad\/wp-content\/uploads\/sites\/3\/2012\/01\/logoterram.jpg 150w, https:\/\/www.terram.cl\/biodiversidad\/wp-content\/uploads\/sites\/3\/2012\/01\/logoterram-50x27.jpg 50w\" sizes=\"auto, (max-width: 150px) 100vw, 150px\" \/><\/a>El anuncio efectuado desde la Subsecretar\u00eda de Turismo de licitar 30 parques y reservas nacionales durante los pr\u00f3ximos ocho a\u00f1os, es un hecho que reviste la mayor gravedad, y que debe ser denunciado a la opini\u00f3n p\u00fablica. El gobierno de Sebasti\u00e1n Pi\u00f1era pretende licitar, s\u00f3lo dentro del presente a\u00f1o, terrenos en seis parques nacionales, entre ellos Radal Siete Tazas y Pan de Az\u00facar. Comunicaciones Terram, 13 de marzo 2012.<\/p>\n<p style=\"text-align: justify\"><!--more--><\/p>\n<p style=\"text-align: justify\">Llama poderosamente la atenci\u00f3n que esta medida est\u00e9 impulsada y encabezada por la Subsecretar\u00eda de Turismo, dependiente del Ministerio de Econom\u00eda, en coordinaci\u00f3n con los Ministerios de Bienes Nacionales y de Agricultura, en un proceso en el que aparentemente no ha participado el Ministerio de Medio Ambiente, entidad encargada de la protecci\u00f3n y conservaci\u00f3n del patrimonio natural de Chile.<\/p>\n<p style=\"text-align: justify\">La finalidad de las \u00e1reas protegidas p\u00fablicas, tanto terrestres como acu\u00e1ticas, es conservar el patrimonio natural, especialmente ecosistemas y especies, tal como lo se\u00f1ala la legislaci\u00f3n nacional y establecen tratados internacionales suscritos por Chile. Entre sus objetivos no se encuentra generar negocios ni beneficios econ\u00f3micos a quienes las administran. Por ello, es fundamental respetar los objetivos primarios para los que estos parques y reservas fueron creados; actividades como el turismo s\u00f3lo deber\u00edan poder realizarse en la medida que no afecten el objetivo primario para el cual se crearon dichas zonas, esto es, las tareas de conservaci\u00f3n y protecci\u00f3n de ecosistemas y especies.<\/p>\n<p style=\"text-align: justify\">Lamentablemente, una vez m\u00e1s el actual gobierno impone una mirada economicista y de corto plazo, que pone en riesgo el patrimonio natural que nos pertenece a todos.<\/p>\n<p style=\"text-align: justify\">Es importante recordar que en la actualidad el Congreso Nacional discute un proyecto de ley con el objetivo de crear un Servicio de Biodiversidad y \u00c1reas Protegidas y un Sistema Nacional de \u00c1reas Protegidas (bolet\u00edn 7487), entidad que precisamente deber\u00e1 hacerse cargo de las tareas de administraci\u00f3n y de la implementaci\u00f3n de planes de conservaci\u00f3n en las \u00e1reas protegidas del Estado y que depender\u00e1 de la cartera de Medio Ambiente. Resulta contradictorio, entonces, que paralelo a esta discusi\u00f3n parlamentaria, otros tres Ministerios se atribuyan la facultad de implementar un sistema de licitaciones para las \u00e1reas protegidas, marginando a Medio Ambiente; este hecho representa una evidente contradicci\u00f3n entre diferentes estamentos del gobierno.<\/p>\n<p style=\"text-align: justify\">Con este anuncio, el gobierno de Sebasti\u00e1n Pi\u00f1era no s\u00f3lo exhibe un gran desprecio por la institucionalidad ambiental del pa\u00eds, y por la iniciativa legal que el mismo gobierno patrocina, sino que tambi\u00e9n por los procesos democr\u00e1ticos y participativos que en principio impulsa, para luego tomar decisiones inconsultas y destinadas \u00fanicamente a beneficiar a algunos privados, con la explotaci\u00f3n de un patrimonio natural que pertenece a todos los chilenos.<\/p>\n<p style=\"text-align: justify\">Fundaci\u00f3n Terram exige al gobierno que deje sin efecto la decisi\u00f3n de licitar los parques y reservas nacionales, tomada entre cuatro paredes, y se comprometa a no licitar \u00e1reas protegidas p\u00fablicas mientras no se apruebe e implemente la Ley que crea el Servicio de Biodiversidad y \u00c1reas Protegidas, pues queremos que esta futura instituci\u00f3n tenga un patrimonio efectivo que resguardar.<\/p>\n","protected":false},"excerpt":{"rendered":"<p>El anuncio efectuado desde la Subsecretar\u00eda de Turismo de licitar 30 parques y reservas nacionales durante los pr\u00f3ximos ocho a\u00f1os, es un hecho que reviste la&#8230;<\/p>\n","protected":false},"author":16,"featured_media":125319,"comment_status":"open","ping_status":"open","sticky":false,"template":"","format":"standard","meta":{"footnotes":"","_links_to":"","_links_to_target":""},"categories":[48,1],"tags":[31],"class_list":["post-1303","post","type-post","status-publish","format-standard","has-post-thumbnail","hentry","category-columnas-de-opinion","category-resumen-de-prensa","tag-terram"],"_links":{"self":[{"href":"https:\/\/www.terram.cl\/biodiversidad\/wp-json\/wp\/v2\/posts\/1303","targetHints":{"allow":["GET"]}}],"collection":[{"href":"https:\/\/www.terram.cl\/biodiversidad\/wp-json\/wp\/v2\/posts"}],"about":[{"href":"https:\/\/www.terram.cl\/biodiversidad\/wp-json\/wp\/v2\/types\/post"}],"author":[{"embeddable":true,"href":"https:\/\/www.terram.cl\/biodiversidad\/wp-json\/wp\/v2\/users\/16"}],"replies":[{"embeddable":true,"href":"https:\/\/www.terram.cl\/biodiversidad\/wp-json\/wp\/v2\/comments?post=1303"}],"version-history":[{"count":0,"href":"https:\/\/www.terram.cl\/biodiversidad\/wp-json\/wp\/v2\/posts\/1303\/revisions"}],"wp:featuredmedia":[{"embeddable":true,"href":"https:\/\/www.terram.cl\/biodiversidad\/wp-json\/wp\/v2\/media\/125319"}],"wp:attachment":[{"href":"https:\/\/www.terram.cl\/biodiversidad\/wp-json\/wp\/v2\/media?parent=1303"}],"wp:term":[{"taxonomy":"category","embeddable":true,"href":"https:\/\/www.terram.cl\/biodiversidad\/wp-json\/wp\/v2\/categories?post=1303"},{"taxonomy":"post_tag","embeddable":true,"href":"https:\/\/www.terram.cl\/biodiversidad\/wp-json\/wp\/v2\/tags?post=1303"}],"curies":[{"name":"wp","href":"https:\/\/api.w.org\/{rel}","templated":true}]}}