{"id":134,"date":"2011-10-14T14:58:45","date_gmt":"2011-10-14T17:58:45","guid":{"rendered":"http:\/\/www.conservacionybiodiversidad.cl\/?p=134"},"modified":"2011-10-14T14:58:45","modified_gmt":"2011-10-14T17:58:45","slug":"intereses-corporativos-vs-conservacion","status":"publish","type":"post","link":"https:\/\/www.terram.cl\/biodiversidad\/2011\/10\/14\/intereses-corporativos-vs-conservacion\/","title":{"rendered":"Intereses Corporativos v\/s Conservaci\u00f3n"},"content":{"rendered":"<p><strong>Columna de opini\u00f3n de Flavia Liberona, Directora Ejecutiva de Fundaci\u00f3n Terram, publicada en blog de diario La Tercera, el 14 de octubre de 2011.<\/strong><br \/>\n<!--more--><br \/>\n<div id=\"attachment_135\" style=\"width: 210px\" class=\"wp-caption alignleft\"><img loading=\"lazy\" decoding=\"async\" aria-describedby=\"caption-attachment-135\" class=\"size-full wp-image-135 \" title=\"Flavia Liberona\" src=\"https:\/\/www.terram.cl\/biodiversidad\/wp-content\/uploads\/sites\/3\/2011\/11\/Flavia-Liberona.jpg\" alt=\"Flavia Liberona Directora Fundaci\u00f3n Terram\" width=\"200\" height=\"200\" srcset=\"https:\/\/www.terram.cl\/biodiversidad\/wp-content\/uploads\/sites\/3\/2011\/11\/Flavia-Liberona.jpg 200w, https:\/\/www.terram.cl\/biodiversidad\/wp-content\/uploads\/sites\/3\/2011\/11\/Flavia-Liberona-150x150.jpg 150w, https:\/\/www.terram.cl\/biodiversidad\/wp-content\/uploads\/sites\/3\/2011\/11\/Flavia-Liberona-146x146.jpg 146w, https:\/\/www.terram.cl\/biodiversidad\/wp-content\/uploads\/sites\/3\/2011\/11\/Flavia-Liberona-50x50.jpg 50w, https:\/\/www.terram.cl\/biodiversidad\/wp-content\/uploads\/sites\/3\/2011\/11\/Flavia-Liberona-120x120.jpg 120w, https:\/\/www.terram.cl\/biodiversidad\/wp-content\/uploads\/sites\/3\/2011\/11\/Flavia-Liberona-85x85.jpg 85w, https:\/\/www.terram.cl\/biodiversidad\/wp-content\/uploads\/sites\/3\/2011\/11\/Flavia-Liberona-80x80.jpg 80w\" sizes=\"auto, (max-width: 200px) 100vw, 200px\" \/><p id=\"caption-attachment-135\" class=\"wp-caption-text\">Flavia Liberona, Directora Fundaci\u00f3n Terram<\/p><\/div><\/p>\n<p style=\"text-align: justify\">En los \u00faltimos a\u00f1os ha crecido la conciencia de las personas, los gobiernos y las empresas acerca de la necesidad de conservar y proteger la naturaleza, lo que se refleja en iniciativas a distinta escala. Esto debido a que es irrefutable que dependemos de ella, para sostener nuestra vida en el planeta, pero tambi\u00e9n los avances, emprendimientos industriales y el desarrollo de grandes ciudades. En este contexto, desde hace muchos a\u00f1os que se han creado organizaciones a nivel local nacional e internacional dedicadas a la conservaci\u00f3n.<\/p>\n<p style=\"text-align: justify\">Algunas de estas grandes organizaciones internacionales han jugado un papel importante en crear conciencia del v\u00ednculo de dependencia que tenemos con la naturaleza , as\u00ed como tambi\u00e9n fomentar diversas formas de conservaci\u00f3n , entre ellas est\u00e1 la ONG The Nature Conservancy (TNC), que comenz\u00f3 a trabajar en forma directa en Chile hace algunos a\u00f1os. Si bien, los objetivos declarados y muchas de las acciones de conservaci\u00f3n de TNC han sido destacables e implican aportes en las localidades a las que llegan a realizar intervenciones, tambi\u00e9n poco a poco han comenzado a ser cuestionadas y han recibido cr\u00edticas alrededor del mundo por sus actuaciones y por su en ocasiones ambigua relaci\u00f3n con los centros de poder, cuesti\u00f3n que se ve reflejada en la \u00faltima pol\u00e9mica que involucra a dicha organizaci\u00f3n.<\/p>\n<p style=\"text-align: justify\">Esto, tras el anuncio de la creaci\u00f3n de un Consejo de Conservaci\u00f3n para Am\u00e9rica Latina convocado por TNC y que re\u00fane a 34 personas que han sido definidas como \u201cl\u00edderes empresariales y pol\u00edticos de la regi\u00f3n\u201d. Un an\u00e1lisis de la lista, sin embargo, permite al menos preguntarse y cuestionar la capacidad de dichos lideres para definir criterios que permitan \u201cresolver los retos ambientales\u201d de la regi\u00f3n, como propone la organizaci\u00f3n, sencillamente porque muchos de ellos representan precisamente a empresas transnacionales conocidas por desarrollar proyectos que afectan zonas de alto valor para la conservaci\u00f3n y\/o por privilegiar sus propios beneficios econ\u00f3micos, por sobre el cuidado de la naturaleza y del entorno en el que se desarrollan.<\/p>\n<p style=\"text-align: justify\">En el caso de los representantes chilenos en esta selecta lista, el empresario Andr\u00f3nico Luksic responde precisamente a este perfil. El vicepresidente del Banco de Chile y uno de los hombres m\u00e1s poderosos y ricos del pa\u00eds, miembro del grupo Luksic que est\u00e1 a la cabeza de una serie de proyectos mineros de gran escala y fuerte impacto, entre ellos Los Pelambres y El Tesoro, bajo el alero de Antofagasta Minerals. La lista de TNC incluye tambi\u00e9n a \u00c1lvaro Saieh, presidente de Corbanca y due\u00f1o de Copesa, el segundo mayor conglomerado period\u00edstico del pa\u00eds, y con intereses en el \u00e1rea financiera y del retail. Y si bien no es chileno, no se puede dejar de mencionar al empresario Eike Batista, due\u00f1o del cuestionado proyecto termoel\u00e9ctrico Castilla que pretende desarrollarse en la regi\u00f3n de Atacama. Junto a ellos, tambi\u00e9n han fichado al ex Presidente Ricardo Lagos, bajo cuyo mandato se aprobaron importantes proyectos de inversi\u00f3n abiertamente agresivos con la naturaleza, algunos incluso mediante procedimientos administrativos o legales que fueron fuertemente cuestionados en su momento.<\/p>\n<p style=\"text-align: justify\">Una organizaci\u00f3n de la magnitud y alcance de The Nature Conservancy tiene el potencial de generar impactos positivos a una gran escala, pero tambi\u00e9n un prestigio y credibilidad que debe por sobre todo cuidar, cuesti\u00f3n que deber\u00eda llevarlos a actuar con la mayor cautela y responsabilidad. Evidentemente la formaci\u00f3n de un Consejo integrado por personas que de una u otra forma han estado ligados a iniciativas que son cuestionables, junto a grandes empresarios y ejecutivos, como los due\u00f1os de las cadenas Televisa y del grupo Cisneros, de Coca Cola, de empresas del sector minero, financiero, etc. Sin duda introduce una leg\u00edtima cuota de duda sobre la orientaci\u00f3n que podr\u00eda tomar esta instituci\u00f3n en el futuro, ya que no queda claro cu\u00e1l ser\u00e1 el aporte que puedan hacer ellos, a la conservaci\u00f3n de la naturaleza o si la instituci\u00f3n podr\u00e1 seguir actuando con la misma independencia que le gener\u00f3 el prestigio con que cuenta hasta ahora. En este sentido, me parece legitimo plantear la duda sobre a qui\u00e9n beneficia y prestigia esta alianza.<\/p>\n","protected":false},"excerpt":{"rendered":"<p>Columna de opini\u00f3n de Flavia Liberona, Directora Ejecutiva de Fundaci\u00f3n Terram, publicada en blog de diario La Tercera, el 14 de octubre de 2011.<\/p>\n","protected":false},"author":16,"featured_media":125319,"comment_status":"open","ping_status":"open","sticky":false,"template":"","format":"standard","meta":{"footnotes":"","_links_to":"","_links_to_target":""},"categories":[48],"tags":[],"class_list":["post-134","post","type-post","status-publish","format-standard","has-post-thumbnail","hentry","category-columnas-de-opinion"],"_links":{"self":[{"href":"https:\/\/www.terram.cl\/biodiversidad\/wp-json\/wp\/v2\/posts\/134","targetHints":{"allow":["GET"]}}],"collection":[{"href":"https:\/\/www.terram.cl\/biodiversidad\/wp-json\/wp\/v2\/posts"}],"about":[{"href":"https:\/\/www.terram.cl\/biodiversidad\/wp-json\/wp\/v2\/types\/post"}],"author":[{"embeddable":true,"href":"https:\/\/www.terram.cl\/biodiversidad\/wp-json\/wp\/v2\/users\/16"}],"replies":[{"embeddable":true,"href":"https:\/\/www.terram.cl\/biodiversidad\/wp-json\/wp\/v2\/comments?post=134"}],"version-history":[{"count":0,"href":"https:\/\/www.terram.cl\/biodiversidad\/wp-json\/wp\/v2\/posts\/134\/revisions"}],"wp:featuredmedia":[{"embeddable":true,"href":"https:\/\/www.terram.cl\/biodiversidad\/wp-json\/wp\/v2\/media\/125319"}],"wp:attachment":[{"href":"https:\/\/www.terram.cl\/biodiversidad\/wp-json\/wp\/v2\/media?parent=134"}],"wp:term":[{"taxonomy":"category","embeddable":true,"href":"https:\/\/www.terram.cl\/biodiversidad\/wp-json\/wp\/v2\/categories?post=134"},{"taxonomy":"post_tag","embeddable":true,"href":"https:\/\/www.terram.cl\/biodiversidad\/wp-json\/wp\/v2\/tags?post=134"}],"curies":[{"name":"wp","href":"https:\/\/api.w.org\/{rel}","templated":true}]}}