{"id":1397,"date":"2012-03-19T17:01:10","date_gmt":"2012-03-19T21:01:10","guid":{"rendered":"http:\/\/www.conservacionybiodiversidad.cl\/?p=1397"},"modified":"2012-03-19T17:01:10","modified_gmt":"2012-03-19T21:01:10","slug":"de-biodiversidad-naturaleza-concesiones-y-negocios","status":"publish","type":"post","link":"https:\/\/www.terram.cl\/biodiversidad\/2012\/03\/19\/de-biodiversidad-naturaleza-concesiones-y-negocios\/","title":{"rendered":"De biodiversidad, naturaleza, concesiones y negocios"},"content":{"rendered":"<p style=\"text-align: justify\"><a href=\"https:\/\/www.terram.cl\/biodiversidad\/wp-content\/uploads\/sites\/3\/2012\/01\/flavia_liberona_cespedes_2008.jpg\"><img loading=\"lazy\" decoding=\"async\" class=\"alignleft size-full wp-image-679\" title=\"flavia_liberona_cespedes_2008\" src=\"https:\/\/www.terram.cl\/biodiversidad\/wp-content\/uploads\/sites\/3\/2012\/01\/flavia_liberona_cespedes_2008.jpg\" alt=\"\" width=\"150\" height=\"134\" srcset=\"https:\/\/www.terram.cl\/biodiversidad\/wp-content\/uploads\/sites\/3\/2012\/01\/flavia_liberona_cespedes_2008.jpg 150w, https:\/\/www.terram.cl\/biodiversidad\/wp-content\/uploads\/sites\/3\/2012\/01\/flavia_liberona_cespedes_2008-50x45.jpg 50w, https:\/\/www.terram.cl\/biodiversidad\/wp-content\/uploads\/sites\/3\/2012\/01\/flavia_liberona_cespedes_2008-134x120.jpg 134w\" sizes=\"auto, (max-width: 150px) 100vw, 150px\" \/><\/a>En medio de la gran cantidad de desaciertos pol\u00edticos que ha exhibido el gobierno en lo que va del mes de marzo, el reciente anuncio de la Subsecretaria de Turismo de dar inicio a un proceso de licitaci\u00f3n en 30 parques y reservas nacionales pas\u00f3 casi desapercibido.<\/p>\n<p style=\"text-align: justify\"><!--more--><\/p>\n<p style=\"text-align: justify\">Esta informaci\u00f3n, proveniente del Ministerio de Econom\u00eda, del que depende Turismo, no es menor y aparentemente fue concordado entre los Ministerios de Bienes Nacionales y Agricultura. Resulta sorprendente que se omita el rol del Ministerio de Medio Ambiente, pues seg\u00fan la nueva legislaci\u00f3n ambiental (Ley N\u00b0 19.300 de 2010), es esta cartera la encargada de velar por la protecci\u00f3n y conservaci\u00f3n de los recursos naturales renovables del pa\u00eds.<\/p>\n<p style=\"text-align: justify\">A partir de esta noticia surgen una serie de reflexiones y preguntas: \u00bfQu\u00e9 pretende el gobierno licitando parques y reservas que nos pertenecen a todos? \u00bfEsto es parte de una pol\u00edtica de gobierno? \u00bfExiste realmente una coordinaci\u00f3n entre los ministerios? \u00bfQu\u00e9 leyes y\/o marco regulatorio permiten esta licitaci\u00f3n? \u00bfD\u00f3nde qued\u00f3 el lado ambiental de Pi\u00f1era?<\/p>\n<p style=\"text-align: justify\">Las \u00e1reas protegidas han sido creadas a trav\u00e9s del tiempo por distintos gobiernos con el prop\u00f3sito de generar zonas en las cuales supuestamente se proteja y conserve la naturaleza, sean estos ecosistemas o especies. Sabemos que muchas veces, los recursos humanos y financieros son escasos para resguardar el patrimonio natural que nos pertenece a todos; basta recordar el reciente incendio en Torres del Paine. Sin embargo, m\u00e1s all\u00e1 de las cr\u00edticas sobre los recursos y\/o los problemas de gesti\u00f3n, lo cierto es que los servicios p\u00fablicos hacen un tremendo esfuerzo para sostener la conservaci\u00f3n en parques y reservas nacionales. Se debe tener presente que el objetivo principal de las \u00e1reas protegidas es resguardar el patrimonio natural de Chile, conservarlo, protegerlo, no permitir en ellos el desarrollo de actividades productivas o desarrollos inmobiliarios que lo da\u00f1an o destruyen. Por eso surge con fuerza el cuestionamiento respecto a qu\u00e9 es lo que pretende el gobierno con esta licitaci\u00f3n, que por cierto no es la primera, pues ya hay otro proceso en curso en CONAF.<\/p>\n<p style=\"text-align: justify\">El anuncio de la Subsecretar\u00eda de Turismo lleva a preguntarse si esta licitaci\u00f3n afectar\u00e1 el objetivo fundamental del \u00e1rea licitada, que es la conservaci\u00f3n. La respuesta no es evidente, pues pese a que la Ley de Turismo N\u00b0 20.423 permite el establecimiento de concesiones en \u00e1reas protegidas, el reglamento que la hace operativa a\u00fan no ha sido promulgado. En consecuencia, no est\u00e1n definidas las condiciones en que se puede realizar este tipo de actividad y tampoco el alcance que pueden llegar a tener.<\/p>\n<p style=\"text-align: justify\">Pero tal vez lo m\u00e1s preocupante es la omisi\u00f3n de la participaci\u00f3n en todo el proceso del Ministerio de Medio Ambiente, institucionalidad p\u00fablica recientemente creada y que es la encargada de resguardar el patrimonio natural de Chile. A\u00fan m\u00e1s considerando que el gobierno ingres\u00f3 en enero de 2011 un proyecto de ley para la creaci\u00f3n del Servicio de Biodiversidad y \u00c1reas protegidas, que depender\u00e1 del Ministerio de Medio Ambiente.<\/p>\n<p style=\"text-align: justify\">Despu\u00e9s de ello, durante el a\u00f1o pasado CONAF ya inici\u00f3 un proceso de licitaci\u00f3n en \u00e1reas protegidas, al que se suma el ahora anunciado desde Turismo.<\/p>\n<p style=\"text-align: justify\">Estos hechos llevan a pensar, inequ\u00edvocamente, que el gobierno del presidente Pi\u00f1era quiere entregar a privados nuestros parques y reservas, con lo cual el nuevo servicio no tendr\u00e1 nada que administrar y los ciudadanos tendremos que pagar a privados por usar espacios que nos pertenecen a todos. Claramente el gobierno ha optado por imponer la posici\u00f3n del Ministerio de Econom\u00eda, es decir, el fomento productivo por sobre la conservaci\u00f3n, con una mirada cortoplacista y economicista de fomento al turismo como actividad \u201climpia\u201d que le hace da\u00f1o al pa\u00eds. Con esto el gobierno asume que da lo mismo el tipo de turismo que se implemente y que \u00e9ste nunca ocasiona problemas, pero en definitiva est\u00e1 poniendo en riesgo el patrimonio natural de Chile, e incumpliendo su rol de cautelar el bien p\u00fablico.<\/p>\n<p style=\"text-align: justify\">Cuando se cumplen dos a\u00f1os de gobierno, podemos decir que las promesas ambientales del Presidente, su programa de gobierno y los anuncios de 21 de mayo, est\u00e1n muy lejos de lo que ocurre en realidad, y que, finalmente, \u201cel papel aguanta todo\u201d.<\/p>\n","protected":false},"excerpt":{"rendered":"<p>En medio de la gran cantidad de desaciertos pol\u00edticos que ha exhibido el gobierno en lo que va del mes de marzo, el reciente anuncio de&#8230;<\/p>\n","protected":false},"author":16,"featured_media":125319,"comment_status":"open","ping_status":"open","sticky":false,"template":"","format":"standard","meta":{"footnotes":"","_links_to":"","_links_to_target":""},"categories":[48,1],"tags":[],"class_list":["post-1397","post","type-post","status-publish","format-standard","has-post-thumbnail","hentry","category-columnas-de-opinion","category-resumen-de-prensa"],"_links":{"self":[{"href":"https:\/\/www.terram.cl\/biodiversidad\/wp-json\/wp\/v2\/posts\/1397","targetHints":{"allow":["GET"]}}],"collection":[{"href":"https:\/\/www.terram.cl\/biodiversidad\/wp-json\/wp\/v2\/posts"}],"about":[{"href":"https:\/\/www.terram.cl\/biodiversidad\/wp-json\/wp\/v2\/types\/post"}],"author":[{"embeddable":true,"href":"https:\/\/www.terram.cl\/biodiversidad\/wp-json\/wp\/v2\/users\/16"}],"replies":[{"embeddable":true,"href":"https:\/\/www.terram.cl\/biodiversidad\/wp-json\/wp\/v2\/comments?post=1397"}],"version-history":[{"count":0,"href":"https:\/\/www.terram.cl\/biodiversidad\/wp-json\/wp\/v2\/posts\/1397\/revisions"}],"wp:featuredmedia":[{"embeddable":true,"href":"https:\/\/www.terram.cl\/biodiversidad\/wp-json\/wp\/v2\/media\/125319"}],"wp:attachment":[{"href":"https:\/\/www.terram.cl\/biodiversidad\/wp-json\/wp\/v2\/media?parent=1397"}],"wp:term":[{"taxonomy":"category","embeddable":true,"href":"https:\/\/www.terram.cl\/biodiversidad\/wp-json\/wp\/v2\/categories?post=1397"},{"taxonomy":"post_tag","embeddable":true,"href":"https:\/\/www.terram.cl\/biodiversidad\/wp-json\/wp\/v2\/tags?post=1397"}],"curies":[{"name":"wp","href":"https:\/\/api.w.org\/{rel}","templated":true}]}}