{"id":1906,"date":"2012-07-18T10:21:32","date_gmt":"2012-07-18T14:21:32","guid":{"rendered":"http:\/\/www.conservacionybiodiversidad.cl\/?p=1906"},"modified":"2012-07-18T10:21:32","modified_gmt":"2012-07-18T14:21:32","slug":"y-la-biodiversidad-cuando","status":"publish","type":"post","link":"https:\/\/www.terram.cl\/biodiversidad\/2012\/07\/18\/y-la-biodiversidad-cuando\/","title":{"rendered":"\u00bfY la biodiversidad cu\u00e1ndo?"},"content":{"rendered":"<p style=\"text-align: justify\"><a href=\"https:\/\/www.terram.cl\/biodiversidad\/wp-content\/uploads\/sites\/3\/2012\/01\/flavia_liberona_cespedes_2008.jpg\"><img loading=\"lazy\" decoding=\"async\" class=\"alignleft size-full wp-image-679\" title=\"flavia_liberona_cespedes_2008\" src=\"https:\/\/www.terram.cl\/biodiversidad\/wp-content\/uploads\/sites\/3\/2012\/01\/flavia_liberona_cespedes_2008.jpg\" alt=\"\" width=\"150\" height=\"134\" srcset=\"https:\/\/www.terram.cl\/biodiversidad\/wp-content\/uploads\/sites\/3\/2012\/01\/flavia_liberona_cespedes_2008.jpg 150w, https:\/\/www.terram.cl\/biodiversidad\/wp-content\/uploads\/sites\/3\/2012\/01\/flavia_liberona_cespedes_2008-50x45.jpg 50w, https:\/\/www.terram.cl\/biodiversidad\/wp-content\/uploads\/sites\/3\/2012\/01\/flavia_liberona_cespedes_2008-134x120.jpg 134w\" sizes=\"auto, (max-width: 150px) 100vw, 150px\" \/><\/a>Columna de opini\u00f3n de Flavia Liberona Directora Ejecutiva de Fundaci\u00f3n Terram, publicada en blog de radio Bio Bio el 17 julio 2012.<\/p>\n<p style=\"text-align: justify\"><!--more--><\/p>\n<p style=\"text-align: justify\">Hace un mes se dio a conocer el primer informe sobre \u201cEl estado del medio ambiente\u201d, elaborado por el Ministerio del Medio Ambiente en cumplimiento a lo establecido en el art\u00edculo 70 de la Ley Ambiental N\u00b0 19.300, modificada el a\u00f1o 2010. El estudio sigue, en su estructura, las pautas recomendadas por la Organizaci\u00f3n de Cooperaci\u00f3n y Desarrollo Econ\u00f3mico (OCDE) para identificar los principales problemas ambientales, las causas de \u00e9stos y las acciones desarrolladas para gestionar el medio ambiente. En definitiva, este informe responde a exigencias de la OCDE y de la ley ambiental chilena.<\/p>\n<p style=\"text-align: justify\">El valor de la publicaci\u00f3n radica en que es un informe oficial que intenta dar cuenta del estado del medio ambiente en Chile, abordando el tema desde diversos aspectos. Si bien la difusi\u00f3n de esta publicaci\u00f3n a trav\u00e9s de los medios de comunicaci\u00f3n puso el \u00e9nfasis en temas de contaminacion atmosf\u00e9rica, resulta muy relevante revisar todo el contenido, pues mas all\u00e1 de las sutilezas del lenguaje, las omisiones o los intentos por \u201cbajar el perfil\u201d a ciertos aspectos, queda m\u00e1s que clara la carencia de informaci\u00f3n, la ausencia de regulaciones y la p\u00e9sima gesti\u00f3n ambiental del pa\u00eds.<\/p>\n<p style=\"text-align: justify\">El segundo eje del informe est\u00e1 dedicado al \u201cpatrimonio ambiental\u201d, que aborda en el cap\u00edtulo N\u00b0 7, la tem\u00e1tica de la biodiversidad. En este apartado se da cuenta del estado de especies y ecosistemas fundamentalmente nativos, y permito constatas, con sorpresa y estupefacci\u00f3n, la profunda carencia de informaci\u00f3n en esta materia y, al igual que en otras \u00e1reas, la ausencia de regulaci\u00f3n y, lo que es peor a\u00fan, la dispersi\u00f3n normativa en distintos servicio p\u00fablicos.<\/p>\n<p style=\"text-align: justify\">Lo dram\u00e1tico es que el informe parte reconociendo que Chile tiene un patrimonio natural de importancia mundial, ya que es un pa\u00eds de ambientes heterog\u00e9neos, lo que posibilita la existencia de diversos ecosistemas, lo que sumado al relativo aislamiento geogr\u00e1fico del pa\u00eds, han permitido la existencia de un importante n\u00famero d especies end\u00e9micas, es decir, que s\u00f3lo existen en este lugar del planeta. En lo referente a especies, indica que se han descrito aproximadamente 30.670 especies, de las cuales un porcentaje importante -entre 22% y 25%- son end\u00e9micas, es decir, han evolucionado de manera casi exclusiva en el territorio nacional, lo que les confiere importancia mundial.<\/p>\n<p style=\"text-align: justify\">Respecto al estado de conservaci\u00f3n de las especies, se utiliza la \u201cclasificaci\u00f3n de especies\u201d en alguna categor\u00eda de amenaza establecida a trav\u00e9s del Reglamento de Clasificaci\u00f3n de Especies. En esta materia el estudio se\u00f1ala que menos del 3% (921) de las especies descritas para Chile han sido clasificadas bajo esta normativa, y de \u00e9stas existen 231 en \u201cpeligro\u201d, es decir, est\u00e1n amenazadas de desaparecer.<\/p>\n<p style=\"text-align: justify\">En cuanto a la situaci\u00f3n de los ecosistemas , el informe no es para nada alentador; basta s\u00f3lo algunas citas para dar cuenta de ello: \u201cA nivel nacional no existen indicadores que permitan realizar un diagn\u00f3stico de la situaci\u00f3n actual de los ecosistemas terrestres\u201d; \u201cA nivel mundial, existen varios indicadores para determinar el estado de los ecosistemas marinos, sin embargo, a nivel nacional no existen estimaciones para este tipo de indicadores\u201d; refiri\u00e9ndose a ecosistemas acu\u00e1ticos continentales se\u00f1ala: \u201cactualmente, no existe informaci\u00f3n sobre el estado de este tipo de ecosistemas en el pa\u00eds\u201d.<\/p>\n<p style=\"text-align: justify\">En resumen, la carencia de informaci\u00f3n respecto de nuestro patrimonio natural y en especial en relaci\u00f3n a nuestra biodiversidad, parecen haber sido parte de la pol\u00edtica de estado de todos los gobiernos. Lo que no queda claro si esto se debe a la ignorancia de las autoridades de turno o a una clara voluntad de no abordar el tema. Sin embargo, lo que s\u00ed est\u00e1 clar\u00edsimo es que conocer la biodiversidad y su estado resultan un punto de partida fundamental para implementar acciones de conservaci\u00f3n y realizar una adecuada gesti\u00f3n de la misma.<\/p>\n<p style=\"text-align: justify\">Probablemente la escasa difusi\u00f3n p\u00fablica que tuvo el contenido del cap\u00edtulo sobre biodiversidad se debe a lo ajena que le resulta a la mayor\u00eda de la gente el concepto de diversidad biol\u00f3gica, pero esto no le resta importancia a su contenido. Muy por el contrario, es urgente que nos adentremos en este concepto y comprendamos la importancia que tienen las especies nativas y sus variedades, as\u00ed como los ecosistemas naturales, para sostener nuestra vida.<\/p>\n<p style=\"text-align: justify\">Por ello resulta sorprendente que despu\u00e9s de m\u00e1s de una a\u00f1o en que se encuentra en el Parlamento el proyecto de ley para crear el Servicio de Biodiversidad y \u00c1reas Protegidas, cuyo contenido es bastante deficiente y no garantiza para nada la adecuada conservaci\u00f3n del patrimonio natural, el Presidente de la Rep\u00fablica haya decidido tramitar s\u00f3lo una parte de esta iniciativa legal. En efecto, el mandatario decidi\u00f3 que es m\u00e1s urgente legislar s\u00f3lo respecto a un sistema de \u00e1reas protegidas, relegando la legislaci\u00f3n sobre biodiversidad para un futuro pr\u00f3ximo. Si bien es posible entender las razones del Ejecutivo, resulta imprescindible que las autoridades, incluido el Presidente, comprendan la relevancia del tema, se comprometan a levantar informaci\u00f3n sobre especies y ecosistemas, e impulsen la generaci\u00f3n de una institucionalidad p\u00fablica que sea la encargada de proteger y gestionar la biodiversidad.<\/p>\n","protected":false},"excerpt":{"rendered":"<p>Columna de opini\u00f3n de Flavia Liberona Directora Ejecutiva de Fundaci\u00f3n Terram, publicada en blog de radio Bio Bio el 17 julio 2012.<\/p>\n","protected":false},"author":16,"featured_media":125319,"comment_status":"open","ping_status":"open","sticky":false,"template":"","format":"standard","meta":{"footnotes":"","_links_to":"","_links_to_target":""},"categories":[48,1],"tags":[],"class_list":["post-1906","post","type-post","status-publish","format-standard","has-post-thumbnail","hentry","category-columnas-de-opinion","category-resumen-de-prensa"],"_links":{"self":[{"href":"https:\/\/www.terram.cl\/biodiversidad\/wp-json\/wp\/v2\/posts\/1906","targetHints":{"allow":["GET"]}}],"collection":[{"href":"https:\/\/www.terram.cl\/biodiversidad\/wp-json\/wp\/v2\/posts"}],"about":[{"href":"https:\/\/www.terram.cl\/biodiversidad\/wp-json\/wp\/v2\/types\/post"}],"author":[{"embeddable":true,"href":"https:\/\/www.terram.cl\/biodiversidad\/wp-json\/wp\/v2\/users\/16"}],"replies":[{"embeddable":true,"href":"https:\/\/www.terram.cl\/biodiversidad\/wp-json\/wp\/v2\/comments?post=1906"}],"version-history":[{"count":0,"href":"https:\/\/www.terram.cl\/biodiversidad\/wp-json\/wp\/v2\/posts\/1906\/revisions"}],"wp:featuredmedia":[{"embeddable":true,"href":"https:\/\/www.terram.cl\/biodiversidad\/wp-json\/wp\/v2\/media\/125319"}],"wp:attachment":[{"href":"https:\/\/www.terram.cl\/biodiversidad\/wp-json\/wp\/v2\/media?parent=1906"}],"wp:term":[{"taxonomy":"category","embeddable":true,"href":"https:\/\/www.terram.cl\/biodiversidad\/wp-json\/wp\/v2\/categories?post=1906"},{"taxonomy":"post_tag","embeddable":true,"href":"https:\/\/www.terram.cl\/biodiversidad\/wp-json\/wp\/v2\/tags?post=1906"}],"curies":[{"name":"wp","href":"https:\/\/api.w.org\/{rel}","templated":true}]}}