{"id":2105,"date":"2012-10-25T10:29:53","date_gmt":"2012-10-25T13:29:53","guid":{"rendered":"http:\/\/www.conservacionybiodiversidad.cl\/?p=2105"},"modified":"2012-10-25T10:29:53","modified_gmt":"2012-10-25T13:29:53","slug":"biodiversidad-su-importancia-y-dificultad","status":"publish","type":"post","link":"https:\/\/www.terram.cl\/biodiversidad\/2012\/10\/25\/biodiversidad-su-importancia-y-dificultad\/","title":{"rendered":"Biodiversidad: su importancia y dificultad"},"content":{"rendered":"<p style=\"text-align: justify\"><a href=\"https:\/\/www.terram.cl\/biodiversidad\/wp-content\/uploads\/sites\/3\/2012\/01\/logoterram.jpg\"><img loading=\"lazy\" decoding=\"async\" class=\"alignleft size-full wp-image-700\" title=\"logoterram\" src=\"https:\/\/www.terram.cl\/biodiversidad\/wp-content\/uploads\/sites\/3\/2012\/01\/logoterram.jpg\" alt=\"\" width=\"150\" height=\"80\" srcset=\"https:\/\/www.terram.cl\/biodiversidad\/wp-content\/uploads\/sites\/3\/2012\/01\/logoterram.jpg 150w, https:\/\/www.terram.cl\/biodiversidad\/wp-content\/uploads\/sites\/3\/2012\/01\/logoterram-50x27.jpg 50w\" sizes=\"auto, (max-width: 150px) 100vw, 150px\" \/><\/a>Blog La Tercera, 12 d octubre de 2012. En enero de 2011 el Presidente Sebasti\u00e1n Pi\u00f1era envi\u00f3 al Parlamento un proyecto de ley para crear el Servicio de Biodiversidad y \u00c1reas Protegidas, en cumplimiento al acuerdo que se suscribi\u00f3 cuando fue aprobada la reforma de la Institucionalidad Ambiental.<\/p>\n<p style=\"text-align: justify\"><!--more--><\/p>\n<p style=\"text-align: justify\">El prop\u00f3sito de esta iniciativa legal deber\u00eda ser reunir en una sola instituci\u00f3n p\u00fablica competencias hoy dispersas en varios ministerios en relaci\u00f3n a la conservaci\u00f3n y gesti\u00f3n de la biodiversidad y \u00e1reas protegidas de nuestro pa\u00eds. Si bien el s\u00f3lo hecho de dictar este texto legal puede ser visto como un avance, lo cierto es que el contenido del proyecto presentado por el gobierno es insuficiente para cumplir con los objetivos m\u00ednimos encomendados, e incluso en algunos aspectos parece orientada m\u00e1s a desproteger que avanzar en la protecci\u00f3n y gesti\u00f3n del patrimonio natural.<\/p>\n<p style=\"text-align: justify\">Debido a las fuertes cr\u00edticas que recibi\u00f3 la iniciativa desde diversos sectores, los senadores de la Comisi\u00f3n Unida de Agricultura y Medio Ambiente, instancia en la cual recay\u00f3 el estudio del texto legal, concordaron con el Gobierno conformar una Comisi\u00f3n Asesora T\u00e9cnica para que, en conjunto con el Ejecutivo , se abocara a analizar la propuesta legal y generar mejoras. Durante varios meses esta comisi\u00f3n ha trabajado revisando el contenido del texto legal, aportando desde distintas visiones y experiencias para, en definitiva, generar una propuesta que efectivamente cumpla con los objetivos de conservaci\u00f3n de la biodiversidad en los cuales Chile necesita avanzar y que son parte de los convenios y tratados suscritos por el pa\u00eds. Sin duda, esta no ha sido una tarea f\u00e1cil.<\/p>\n<p style=\"text-align: justify\">En forma paralela, desde hace ya varios meses se ha desatado la pol\u00e9mica debido a la gran cantidad de solicitud de concesiones para acuicultura que ha presentado la industria salmonera en aguas del borde costero de la regi\u00f3n de Magallanes, dentro de los l\u00edmites de parques nacionales. Esta controversia b\u00e1sicamente se ha centrado en el debate respecto al prop\u00f3sito que cumplen los parques nacionales, y en consecuencia qu\u00e9 tipo de actividades se pueden realizar dentro de sus l\u00edmites.<\/p>\n<p style=\"text-align: justify\">M\u00e1s all\u00e1 de las diversas visiones que se exponen desde distintos sectores, lo cierto es que Chile ha suscrito la Convenci\u00f3n de Washington, que establece claramente el tipo de actividades permitidas en esta categor\u00eda de \u00e1rea protegida. Esto adem\u00e1s ha sido relevado en un fallo judicial de fines de junio del presente a\u00f1o, en el cual la Corte Suprema determin\u00f3 que no se pueden entregar aguas de Parques Nacionales para uso comercial. Pareciera ser que a ra\u00edz de toda esta controversia, el gobierno, o mejor dicho el Presidente, decidi\u00f3 apurar la maquina y ha decidido ingresar una indicaci\u00f3n sustitutiva con foco en el tema de las \u00e1reas protegidas.<\/p>\n<p style=\"text-align: justify\">Si bien el Ejecutivo a\u00fan est\u00e1 trabajando en este tema y el texto es desconocido, se supone que esta iniciativa podr\u00eda salvar diferencias entre sectores en relaci\u00f3n a la conservaci\u00f3n de la biodiversidad y avanzar\u00eda en regular \u00e1reas protegidas. Sin embargo, a\u00fan hay muchos espacios donde existen dudas sobre el contenido de la propuesta, las que se fundan b\u00e1sicamente en la comprensi\u00f3n que tienen ciertos actores de la importancia de la biodiversidad, su conservaci\u00f3n y gesti\u00f3n, sea esto dentro o fuera de las \u00e1reas protegidas. Es que hablar de biodiversidad no resulta nada f\u00e1cil, es un concepto que no ha entrado en la mente y el coraz\u00f3n de las autoridades, y que est\u00e1 poco internalizado en la ciudadan\u00eda. Por alguna raz\u00f3n, el concepto biodiversidad resulta lejano y poco accesible, si bien todos nos conmovemos con la belleza de los paisajes o por salvar especies en peligro, pareciera que en la sociedad no existe un v\u00ednculo entre esto y la protecci\u00f3n y conservaci\u00f3n de la biodiversidad.<\/p>\n<p style=\"text-align: justify\">Es evidente que Chile es un pa\u00eds movido por diversas demandas, sociales, ambientales y pol\u00edticas, y en el cual adem\u00e1s predomina un criterio extractivista y economicista, y en el que la valoraci\u00f3n de la naturaleza y el patrimonio natural no han siquiera llegado a ocupar un espacio m\u00ednimo en la agenda de la pol\u00edtica p\u00fablica. Tal vez por eso, resulta importante rescatar la frase pronunciada por el ex Comandante en Jefe de las Fuerzas Armadas Juan Emilio Cheyre, en el lanzamiento del libro sobre el Parque Nacional Corcovado, hace algunos d\u00edas, cuando se\u00f1al\u00f3 que conservar, generar un parque nacional, es una forma de hacer soberan\u00eda en nuestro territorio.<\/p>\n","protected":false},"excerpt":{"rendered":"<p>Blog La Tercera, 12 d octubre de 2012. En enero de 2011 el Presidente Sebasti\u00e1n Pi\u00f1era envi\u00f3 al Parlamento un proyecto de ley para crear el&#8230;<\/p>\n","protected":false},"author":16,"featured_media":2055,"comment_status":"open","ping_status":"open","sticky":false,"template":"","format":"standard","meta":{"footnotes":"","_links_to":"","_links_to_target":""},"categories":[48,1],"tags":[7],"class_list":["post-2105","post","type-post","status-publish","format-standard","has-post-thumbnail","hentry","category-columnas-de-opinion","category-resumen-de-prensa","tag-destacado"],"_links":{"self":[{"href":"https:\/\/www.terram.cl\/biodiversidad\/wp-json\/wp\/v2\/posts\/2105","targetHints":{"allow":["GET"]}}],"collection":[{"href":"https:\/\/www.terram.cl\/biodiversidad\/wp-json\/wp\/v2\/posts"}],"about":[{"href":"https:\/\/www.terram.cl\/biodiversidad\/wp-json\/wp\/v2\/types\/post"}],"author":[{"embeddable":true,"href":"https:\/\/www.terram.cl\/biodiversidad\/wp-json\/wp\/v2\/users\/16"}],"replies":[{"embeddable":true,"href":"https:\/\/www.terram.cl\/biodiversidad\/wp-json\/wp\/v2\/comments?post=2105"}],"version-history":[{"count":0,"href":"https:\/\/www.terram.cl\/biodiversidad\/wp-json\/wp\/v2\/posts\/2105\/revisions"}],"wp:featuredmedia":[{"embeddable":true,"href":"https:\/\/www.terram.cl\/biodiversidad\/wp-json\/wp\/v2\/media\/2055"}],"wp:attachment":[{"href":"https:\/\/www.terram.cl\/biodiversidad\/wp-json\/wp\/v2\/media?parent=2105"}],"wp:term":[{"taxonomy":"category","embeddable":true,"href":"https:\/\/www.terram.cl\/biodiversidad\/wp-json\/wp\/v2\/categories?post=2105"},{"taxonomy":"post_tag","embeddable":true,"href":"https:\/\/www.terram.cl\/biodiversidad\/wp-json\/wp\/v2\/tags?post=2105"}],"curies":[{"name":"wp","href":"https:\/\/api.w.org\/{rel}","templated":true}]}}