{"id":2301,"date":"2013-01-09T10:04:58","date_gmt":"2013-01-09T13:04:58","guid":{"rendered":"http:\/\/www.conservacionybiodiversidad.cl\/?p=2301"},"modified":"2013-01-09T10:04:58","modified_gmt":"2013-01-09T13:04:58","slug":"conservacion-de-la-biodiversidad-urgen-fomentos-estrategicos","status":"publish","type":"post","link":"https:\/\/www.terram.cl\/biodiversidad\/2013\/01\/09\/conservacion-de-la-biodiversidad-urgen-fomentos-estrategicos\/","title":{"rendered":"Conservaci\u00f3n de la biodiversidad, urgen fomentos estrat\u00e9gicos"},"content":{"rendered":"<p style=\"text-align: justify\"><a href=\"https:\/\/www.terram.cl\/biodiversidad\/wp-content\/uploads\/sites\/3\/2013\/01\/Alfonso_De_Urresti_Longton.jpg\"><img loading=\"lazy\" decoding=\"async\" class=\"alignleft size-thumbnail wp-image-2302\" title=\"Alfonso_De_Urresti_Longton\" src=\"http:\/\/www.conservacionybiodiversidad.cl\/wp-content\/uploads\/2013\/01\/Alfonso_De_Urresti_Longton-150x150.jpg\" alt=\"\" width=\"150\" height=\"150\" srcset=\"https:\/\/www.terram.cl\/biodiversidad\/wp-content\/uploads\/sites\/3\/2013\/01\/Alfonso_De_Urresti_Longton-150x150.jpg 150w, https:\/\/www.terram.cl\/biodiversidad\/wp-content\/uploads\/sites\/3\/2013\/01\/Alfonso_De_Urresti_Longton-250x250.jpg 250w, https:\/\/www.terram.cl\/biodiversidad\/wp-content\/uploads\/sites\/3\/2013\/01\/Alfonso_De_Urresti_Longton-85x85.jpg 85w, https:\/\/www.terram.cl\/biodiversidad\/wp-content\/uploads\/sites\/3\/2013\/01\/Alfonso_De_Urresti_Longton-80x80.jpg 80w\" sizes=\"auto, (max-width: 150px) 100vw, 150px\" \/><\/a>Columna del diputado Alfonso de Urresti, publicada en El Mostrador, 24 de diciembre de 2012.\u00a0Alcanzar una conservaci\u00f3n de la biodiversidad, integral y participativa que incorpore la mirada regional y los fomentos necesarios es un desaf\u00edo que como pa\u00eds tenemos que resolver en un corto plazo para fortalecer la conservaci\u00f3n de nuestra naturaleza de caracter\u00edsticas \u00fanicas. Para ello es crucial el proceso actual que se desarrolla en la regi\u00f3n de Los R\u00edos y Los Lagos, pues existe un proyecto que nos permite dise\u00f1ar nuestro Sistema Regional de \u00c1reas Protegidas, el que deber\u00eda incorporarse concretamente en un proyecto de ley, ya sea el que est\u00e1 en el Senado u otro que sea analizado en el futuro en el Parlamento.<\/p>\n<p style=\"text-align: justify\"><!--more--><\/p>\n<p style=\"text-align: justify\">En la regi\u00f3n de Los R\u00edos la naturaleza y, por ende, la biodiversidad son parte de las actividades econ\u00f3micas locales y lograr posicionar a la biodiversidad como un importante pilar en la econom\u00eda de una regi\u00f3n resulta relevante. Los distintos apoyos o fomentos para iniciativas productivas sustentables son estrat\u00e9gicos, como tambi\u00e9n lo son los apoyos a iniciativas privadas de conservaci\u00f3n, s\u00f3lo as\u00ed se puede asegurar su permanencia en el tiempo.<\/p>\n<p style=\"text-align: justify\">Se requiere de mecanismos de financiamiento p\u00fablico y privado permanentes, que den continuidad y sustentabilidad a toda iniciativa que permita o apoye la conservaci\u00f3n de la naturaleza, entendida desde una mirada empalia en la cual se permita el desarrollo de actividades econ\u00f3micas que, por una parte, generen ingresos a peque\u00f1os propietarios locales, pescadores artesanales y comunidades ind\u00edgenas y que, por otra, ayuden a mantener en buen estado nuestros ecosistemas nativos. Bajo esta l\u00f3gica, una opci\u00f3n que es necesario considerar seriamente es la creaci\u00f3n de una glosa presupuestaria acorde a las necesidades, que solvente los gastos contenidos en este desaf\u00edo y que permita preservar el patrimonio natural regional, fomentando iniciativas productivas sustentables e innovadoras, as\u00ed como actividades de conservaci\u00f3n p\u00fablicas y privadas a escala regional que puedan ser replicadas en otros territorios.<\/p>\n<p style=\"text-align: justify\">En esta l\u00ednea de trabajo surge la propuesta de destinar un porcentaje del FNDR, (Fondo nacional de desarrollo regional), el cual mediante un mecanismo concursable puede abrir una glosa presupuestaria para iniciativas productivas sustentables, para comunidades aleda\u00f1as a las \u00e1reas protegidas \u2014p\u00fablicas y privadas\u2014 de la regi\u00f3n de Los R\u00edos, aprobado por el Gobierno Regional de Los R\u00edos. Esta iniciativa potencia la relaci\u00f3n virtuosa que existe entre las \u00e1reas protegidas y sus comunidades aleda\u00f1as, reforzando el hecho que la biodiversidad es un patrimonio regional de todos, por ello tanto gobierno, privados, empresas y comunidad pueden cumplir un rol protagonista en materia de conservaci\u00f3n de la biodiversidad y ser actores claves en este desaf\u00edo.<\/p>\n<p style=\"text-align: justify\">En esta innovadora iniciativa tienen tambi\u00e9n un rol de liderazgo central las autoridades locales, municipios, parlamentarios y organismos de la sociedad civil, y lo m\u00e1s importante las comunidades locales e ind\u00edgenas, as\u00ed como peque\u00f1os propietarios actores que pueden desarrollar un trabajo conjunto para alcanzar objetivos de conservaci\u00f3n de la biodiversidad. Esto permitir\u00e1 ir fortaleciendo un Sistema Regional de \u00c1reas Protegidas el que deber\u00eda integrarse a un Sistema Nacional donde los intereses y prioridades nacionales y regionales en materia de conservaci\u00f3n y desarrollo sustentable se complementan.<\/p>\n<p style=\"text-align: justify\">Es importante ir trabajando en cambios sustanciales e innovadores en materia de conservaci\u00f3n que nos permitan avanzar en el camino de dar cumplimiento al Convenio de la Biodiversidad ratificado por nuestro pa\u00eds en 1994 y cuyo objetivo es la conservaci\u00f3n de la biodiversidad, el uso sostenible de sus componentes y la participaci\u00f3n justa y equitativa de los beneficios resultantes de la utilizaci\u00f3n de los recursos gen\u00e9ticos.<\/p>\n","protected":false},"excerpt":{"rendered":"<p>Columna del diputado Alfonso de Urresti, publicada en El Mostrador, 24 de diciembre de 2012.\u00a0Alcanzar una conservaci\u00f3n de la biodiversidad, integral y participativa que incorpore la&#8230;<\/p>\n","protected":false},"author":16,"featured_media":125319,"comment_status":"open","ping_status":"open","sticky":false,"template":"","format":"standard","meta":{"footnotes":"","_links_to":"","_links_to_target":""},"categories":[48],"tags":[],"class_list":["post-2301","post","type-post","status-publish","format-standard","has-post-thumbnail","hentry","category-columnas-de-opinion"],"_links":{"self":[{"href":"https:\/\/www.terram.cl\/biodiversidad\/wp-json\/wp\/v2\/posts\/2301","targetHints":{"allow":["GET"]}}],"collection":[{"href":"https:\/\/www.terram.cl\/biodiversidad\/wp-json\/wp\/v2\/posts"}],"about":[{"href":"https:\/\/www.terram.cl\/biodiversidad\/wp-json\/wp\/v2\/types\/post"}],"author":[{"embeddable":true,"href":"https:\/\/www.terram.cl\/biodiversidad\/wp-json\/wp\/v2\/users\/16"}],"replies":[{"embeddable":true,"href":"https:\/\/www.terram.cl\/biodiversidad\/wp-json\/wp\/v2\/comments?post=2301"}],"version-history":[{"count":0,"href":"https:\/\/www.terram.cl\/biodiversidad\/wp-json\/wp\/v2\/posts\/2301\/revisions"}],"wp:featuredmedia":[{"embeddable":true,"href":"https:\/\/www.terram.cl\/biodiversidad\/wp-json\/wp\/v2\/media\/125319"}],"wp:attachment":[{"href":"https:\/\/www.terram.cl\/biodiversidad\/wp-json\/wp\/v2\/media?parent=2301"}],"wp:term":[{"taxonomy":"category","embeddable":true,"href":"https:\/\/www.terram.cl\/biodiversidad\/wp-json\/wp\/v2\/categories?post=2301"},{"taxonomy":"post_tag","embeddable":true,"href":"https:\/\/www.terram.cl\/biodiversidad\/wp-json\/wp\/v2\/tags?post=2301"}],"curies":[{"name":"wp","href":"https:\/\/api.w.org\/{rel}","templated":true}]}}