{"id":2304,"date":"2013-01-09T09:05:05","date_gmt":"2013-01-09T12:05:05","guid":{"rendered":"http:\/\/www.conservacionybiodiversidad.cl\/?p=2304"},"modified":"2013-01-09T09:05:05","modified_gmt":"2013-01-09T12:05:05","slug":"conservacion-de-la-biodiversidad-chilena-la-clave-para-acceder-a-nuestro-futuro","status":"publish","type":"post","link":"https:\/\/www.terram.cl\/biodiversidad\/2013\/01\/09\/conservacion-de-la-biodiversidad-chilena-la-clave-para-acceder-a-nuestro-futuro\/","title":{"rendered":"Conservaci\u00f3n de la Biodiversidad Chilena, la clave para acceder a nuestro futuro"},"content":{"rendered":"<p style=\"text-align: justify\"><a href=\"https:\/\/www.terram.cl\/biodiversidad\/wp-content\/uploads\/sites\/3\/2013\/01\/barbara_saavedra.jpg\"><img loading=\"lazy\" decoding=\"async\" class=\"alignleft size-thumbnail wp-image-2305\" title=\"barbara_saavedra\" src=\"http:\/\/www.conservacionybiodiversidad.cl\/wp-content\/uploads\/2013\/01\/barbara_saavedra-150x150.jpg\" alt=\"\" width=\"150\" height=\"150\" srcset=\"https:\/\/www.terram.cl\/biodiversidad\/wp-content\/uploads\/sites\/3\/2013\/01\/barbara_saavedra-150x150.jpg 150w, https:\/\/www.terram.cl\/biodiversidad\/wp-content\/uploads\/sites\/3\/2013\/01\/barbara_saavedra-85x85.jpg 85w, https:\/\/www.terram.cl\/biodiversidad\/wp-content\/uploads\/sites\/3\/2013\/01\/barbara_saavedra-80x80.jpg 80w\" sizes=\"auto, (max-width: 150px) 100vw, 150px\" \/><\/a>Columna de opini\u00f3n de B\u00e1rbara Saavedra Presidenta Sociedad de Ecolog\u00eda de Chile, publicada en El D\u00ednamo, 09 de enero de 2013.\u00a0La gesti\u00f3n de la conservaci\u00f3n de la biodiversidad no es un problema del mundo verde. Ni siquiera es s\u00f3lo un problema de Chile, sino que es quiz\u00e1 el desaf\u00edo m\u00e1s grande y urgente que enfrenta nuestro planeta completo.<\/p>\n<p style=\"text-align: justify\"><!--more--><\/p>\n<p style=\"text-align: justify\">La conservaci\u00f3n de la biodiversidad es quiz\u00e1 la actividad humana m\u00e1s fundamental y necesaria de asumir en esta Era que enfrentamos, si aspiramos a alcanzar (o incluso mantener) mayores niveles de bienestar. Pero a la vez es la m\u00e1s desconocida, y queda rezagada ante figuras m\u00e1s medi\u00e1ticas y comerciales como el cambio clim\u00e1tico o la innovaci\u00f3n tecnol\u00f3gica. La biodiversidad en toda su complejidad, que abarca desde genes hasta ecosistemas, que se manifiesta de manera casi infinita a escala local, es un bien natural que ha sostenido toda la vida humana hasta ahora.<\/p>\n<p style=\"text-align: justify\">Factores diversos como la destrucci\u00f3n de h\u00e1bitat, sobrexplotaci\u00f3n, contaminaci\u00f3n o aumento de especies invasoras, han erosionado la biodiversidad a niveles cr\u00edticos, lo que paradojalmente permite hoy dimensionar su valor. D\u00eda a d\u00eda somos testigos de c\u00f3mo las comunidades se ven afectadas por la p\u00e9rdida o contaminaci\u00f3n del agua, erosi\u00f3n de suelos, escasa producci\u00f3n de alimentos u otros bienes materiales, e incluso inmateriales. Problemas todos que en su centro u origen tienen la erosi\u00f3n o p\u00e9rdida de biodiversidad. Y para peor, dado que ella a\u00fan es invisible, la gesti\u00f3n de su conservaci\u00f3n no se materializa como es necesario y debido. Ello a pesar de mandatos globales cada vez m\u00e1s claros en este sentido, que provienen incluso del mundo econ\u00f3mico duro y al que Chile aspira a pertenecer, como puede ser el Foro Econ\u00f3mico o la OCDE.<\/p>\n<p style=\"text-align: justify\">El s\u00f3lo concepto de biodiversidad es relativamente nuevo, lo que sumado al enorme desconocimiento del capital natural de Chile, explica en parte nuestro retraso en asumir su gesti\u00f3n de manera adecuada. Un ejemplo de esto es el nacimiento relativamente reciente de nuestro Ministerio de Medio Ambiente, muy por detr\u00e1s de otros pa\u00edses de la Regi\u00f3n. O el rezagado liderazgo de nuestro Estado en asignar valor a la gesti\u00f3n de la conservaci\u00f3n, contrario a lo observado en otros pa\u00edses hermanos como M\u00e9xico o Costa Rica. De hecho, nuestro Ministerio de Medio Ambiente no cuenta a\u00fan con un Servicio de Biodiversidad y \u00c1reas Protegidas, cuyo dise\u00f1o e implementaci\u00f3n depende de la aprobaci\u00f3n de un proyecto de Ley cuestionado por algunos sectores. M\u00e1s a\u00fan, con el objetivo de avanzar en su aprobaci\u00f3n, se pretende legislar s\u00f3lo en relaci\u00f3n a las \u00e1reas protegidas, suponiendo que este instrumento por s\u00ed s\u00f3lo es suficiente para gestionar la conservaci\u00f3n de la biodiversidad completa del pa\u00eds.<\/p>\n<p style=\"text-align: justify\">En Chile a\u00fan se mal supone que el capital natural s\u00f3lo se encuentra contenido en nuestras \u00e1reas protegidas, desconociendo que la gesti\u00f3n m\u00e1s necesaria y fuerte de conservaci\u00f3n debe realizarse fuera de estas zonas de protecci\u00f3n, pues es all\u00ed donde se concentra la industria nacional y se desarrollan nuestras comunidades, incluyendo en ese contexto todo aquel espacio terrestre, marino y especialmente acu\u00e1tico, que sirve de entorno directo de todas nuestras actividades humanas, y que sostiene pr\u00e1cticamente toda la econom\u00eda nacional.<\/p>\n<p style=\"text-align: justify\">La biodiversidad provee bienes y servicios a diversos grupos humanos, incluyendo desde comunidades locales, grandes o peque\u00f1as urbes, industrias de variado tama\u00f1o, entre otras, los que se distribuyen a lo largo y alto de nuestro pa\u00eds, incluyendo nuestro hoy disputado mar. Industrias enteras dependen directamente de la gesti\u00f3n de la conservaci\u00f3n de este capital natural, como por ejemplo la pesquera, la minera, ciertamente la agr\u00edcola y la forestal, o la tur\u00edstica, e incluso la acu\u00edcola, entre otras que se puedan imaginar. Es un hecho que estas industrias impactan esta base natural, pero lo que es menos conocido es que la biodiversidad que las sustenta debe y puede ser gestionada para su conservaci\u00f3n, y como derivada de ella se puede adquirir entre otras cosas la tan anhelada sustentabilidad.<\/p>\n<p style=\"text-align: justify\">Dada la naturaleza de la biodiversidad (compleja, cambiante, local, ubicua), la variada condici\u00f3n de los usuarios y sus intereses, el escaso entendimiento de su funcionamiento o siquiera su estructura, la arcaica estructura de las instituciones p\u00fablicas, la falta de inter\u00e9s y confianza de los actores, las escalas espaciales y temporales que definen las din\u00e1micas de uso y recuperaci\u00f3n de la biodiversidad, entre muchos otros factores, hacen que la gesti\u00f3n de la conservaci\u00f3n de nuestro capital natural todav\u00eda se encuentre en pa\u00f1ales. Ello a pesar que existen numerosos instrumentos y herramientas que dicen aportar a dicha gesti\u00f3n. Cada una por separado sin embargo, no es capaz de avanzar en la resoluci\u00f3n de estos problemas, y por el contrario, finalmente terminan por agravarlos.<\/p>\n<p style=\"text-align: justify\">Los principios que gobiernan la gesti\u00f3n de la conservaci\u00f3n han sido desarrollados y est\u00e1n bien identificados por la ciencia, existiendo muchas oportunidades de aplicarlos en Chile. Para hacerlo sin embargo, es necesario una comprensi\u00f3n cabal de estos principios, adem\u00e1s de la voluntad para iniciar acciones espec\u00edficas ejemplificadoras, que puedan servir de plataforma para crear las condiciones pol\u00edticas, administrativas, t\u00e9cnicas y cient\u00edficas requeridas.<\/p>\n<p style=\"text-align: justify\">Es finalmente importante comprender dos cosas. La primera es que la gesti\u00f3n de la conservaci\u00f3n de la biodiversidad no es un problema del mundo verde. Ni siquiera es s\u00f3lo un problema de Chile, sino que es quiz\u00e1 el desaf\u00edo m\u00e1s grande y urgente que enfrenta nuestro planeta completo. En el caso de nuestro pa\u00eds, dada la relaci\u00f3n directa de nuestra econom\u00eda con la extracci\u00f3n de recursos naturales y de la unicidad de nuestra biota, este desaf\u00edo es a\u00fan m\u00e1s inmediato y propio. En segundo lugar, la gesti\u00f3n de la conservaci\u00f3n es un problema que no puede ser resuelto por los actores de manera aislada. No existe una soluci\u00f3n \u00fanica, ni un actor preponderante que pueda resolverla de manera r\u00e1pida, ubicua o definitiva. Independientemente del camino que elijamos, \u00e9ste deber\u00e1 ser caminado de manera coordinada, comprometida y honesta tanto por el mundo p\u00fablico, privado, y por la sociedad civil.<\/p>\n<p style=\"text-align: justify\">Nuestra econom\u00eda depende directamente de la eficiente gesti\u00f3n de esa biodiversidad, por lo tanto hay que avanzar en estas materias, m\u00e1s que quedarnos en las dificultades. Chile posee muchas condiciones para liderar a nivel global la resoluci\u00f3n de problemas de conservaci\u00f3n: somos un pa\u00eds peque\u00f1o, tenemos una comunidad cient\u00edfica de primer nivel, contamos con un nivel de educaci\u00f3n y coordinaci\u00f3n avanzado en comparaci\u00f3n a otros pa\u00edses del mundo y la regi\u00f3n, contamos con condiciones administrativas y financieras privilegiadas para innovar, entre muchos otros elementos. Tenemos la necesidad, el deber y la oportunidad para avanzar como pa\u00eds, por lo que el llamado es a entender el valor estrat\u00e9gico que posee para Chile el reconocimiento, desarrollo y gesti\u00f3n de la conservaci\u00f3n de nuestro capital natural. No s\u00f3lo considerando las ventajas competitivas que ella pueda traer para industrias y econom\u00eda local en el corto plazo, sino la b\u00e1sica y m\u00ednima sobrevivencia de nuestra naci\u00f3n.<\/p>\n","protected":false},"excerpt":{"rendered":"<p>Columna de opini\u00f3n de B\u00e1rbara Saavedra Presidenta Sociedad de Ecolog\u00eda de Chile, publicada en El D\u00ednamo, 09 de enero de 2013.\u00a0La gesti\u00f3n de la conservaci\u00f3n de&#8230;<\/p>\n","protected":false},"author":16,"featured_media":2306,"comment_status":"open","ping_status":"open","sticky":false,"template":"","format":"standard","meta":{"footnotes":"","_links_to":"","_links_to_target":""},"categories":[48],"tags":[7],"class_list":["post-2304","post","type-post","status-publish","format-standard","has-post-thumbnail","hentry","category-columnas-de-opinion","tag-destacado"],"_links":{"self":[{"href":"https:\/\/www.terram.cl\/biodiversidad\/wp-json\/wp\/v2\/posts\/2304","targetHints":{"allow":["GET"]}}],"collection":[{"href":"https:\/\/www.terram.cl\/biodiversidad\/wp-json\/wp\/v2\/posts"}],"about":[{"href":"https:\/\/www.terram.cl\/biodiversidad\/wp-json\/wp\/v2\/types\/post"}],"author":[{"embeddable":true,"href":"https:\/\/www.terram.cl\/biodiversidad\/wp-json\/wp\/v2\/users\/16"}],"replies":[{"embeddable":true,"href":"https:\/\/www.terram.cl\/biodiversidad\/wp-json\/wp\/v2\/comments?post=2304"}],"version-history":[{"count":0,"href":"https:\/\/www.terram.cl\/biodiversidad\/wp-json\/wp\/v2\/posts\/2304\/revisions"}],"wp:featuredmedia":[{"embeddable":true,"href":"https:\/\/www.terram.cl\/biodiversidad\/wp-json\/wp\/v2\/media\/2306"}],"wp:attachment":[{"href":"https:\/\/www.terram.cl\/biodiversidad\/wp-json\/wp\/v2\/media?parent=2304"}],"wp:term":[{"taxonomy":"category","embeddable":true,"href":"https:\/\/www.terram.cl\/biodiversidad\/wp-json\/wp\/v2\/categories?post=2304"},{"taxonomy":"post_tag","embeddable":true,"href":"https:\/\/www.terram.cl\/biodiversidad\/wp-json\/wp\/v2\/tags?post=2304"}],"curies":[{"name":"wp","href":"https:\/\/api.w.org\/{rel}","templated":true}]}}