{"id":2308,"date":"2013-01-14T11:31:02","date_gmt":"2013-01-14T14:31:02","guid":{"rendered":"http:\/\/www.conservacionybiodiversidad.cl\/?p=2308"},"modified":"2013-01-14T11:31:02","modified_gmt":"2013-01-14T14:31:02","slug":"valoracion-de-la-biodiversidad","status":"publish","type":"post","link":"https:\/\/www.terram.cl\/biodiversidad\/2013\/01\/14\/valoracion-de-la-biodiversidad\/","title":{"rendered":"Valoraci\u00f3n de la biodiversidad"},"content":{"rendered":"<p style=\"text-align: justify\"><a href=\"https:\/\/www.terram.cl\/biodiversidad\/wp-content\/uploads\/sites\/3\/2013\/01\/aysen_4.jpg\"><img loading=\"lazy\" decoding=\"async\" class=\"alignleft size-thumbnail wp-image-2309\" title=\"aysen_4\" src=\"http:\/\/www.conservacionybiodiversidad.cl\/wp-content\/uploads\/2013\/01\/aysen_4-150x150.jpg\" alt=\"\" width=\"150\" height=\"150\" srcset=\"https:\/\/www.terram.cl\/biodiversidad\/wp-content\/uploads\/sites\/3\/2013\/01\/aysen_4-150x150.jpg 150w, https:\/\/www.terram.cl\/biodiversidad\/wp-content\/uploads\/sites\/3\/2013\/01\/aysen_4-250x250.jpg 250w, https:\/\/www.terram.cl\/biodiversidad\/wp-content\/uploads\/sites\/3\/2013\/01\/aysen_4-85x85.jpg 85w, https:\/\/www.terram.cl\/biodiversidad\/wp-content\/uploads\/sites\/3\/2013\/01\/aysen_4-350x350.jpg 350w, https:\/\/www.terram.cl\/biodiversidad\/wp-content\/uploads\/sites\/3\/2013\/01\/aysen_4-80x80.jpg 80w\" sizes=\"auto, (max-width: 150px) 100vw, 150px\" \/><\/a>Columna del senador Antonio Horvath publicada en Diario Estrategia el 14 de enero de 2013. Lograr una integraci\u00f3n entre las necesidades y desaf\u00edos a nivel nacional y regional en materia de desarrollo sustentable es el desaf\u00edo.<\/p>\n<p style=\"text-align: justify\"><!--more--><\/p>\n<p style=\"text-align: justify\">Dotar de una institucionalidad eficaz para la protecci\u00f3n de la naturaleza, los ecosistemas y especies, es una tarea pendiente para el pa\u00eds, y que forma parte de los compromisos que Chile contrajo en el marco del Convenio sobre la Biodiversidad, en 1994. Para cumplir con este prop\u00f3sito, el Ejecutivo ingres\u00f3 hace casi dos a\u00f1os un proyecto de ley que crea el Servicio de Biodiversidad y Areas Silvestres Protegidas, y que se encuentra actualmente en primer tr\u00e1mite constitucional en el Senado.<\/p>\n<p style=\"text-align: justify\">El mencionado Convenio estima imprescindible marcar con fuerza una mirada local en las tareas de conservaci\u00f3n y protecci\u00f3n de la naturaleza, por lo que es posible intentar complementar un Sistema Nacional con un Sistema Regional de Areas Protegidas. Desde hace ya varios a\u00f1os, un proyecto GEF desarrollado en las regiones de Los R\u00edos y Los Lagos ha estado trabajando precisamente en el dise\u00f1o de esta institucionalidad, con una mirada en la que se busca la integraci\u00f3n de los intereses nacionales y regionales en materia de conservaci\u00f3n y desarrollo sustentable.<\/p>\n<p style=\"text-align: justify\">Representa un desaf\u00edo fundamental para el futuro del pa\u00eds el que logremos compatibilizar y lograr una integraci\u00f3n entre las necesidades y desaf\u00edos a nivel nacional y regional en esta materia, lo que de paso contribuir\u00e1 a fortalecer una verdadera descentralizaci\u00f3n del pa\u00eds.<\/p>\n<p style=\"text-align: justify\">El nuevo sistema de \u00e1reas protegidas que actualmente se discute en el pa\u00eds, tiene que ser capaz de incorporar las \u00e1reas pertenecientes al Estado, que forman parte del SNASPE terrestres y marinas, con iniciativas privadas de conservaci\u00f3n y las de comunidades de pueblos originarios.<\/p>\n<p style=\"text-align: justify\">Como pa\u00eds, tenemos que entender que es fundamental poner en el centro de nuestras ocupaciones y pol\u00edticas p\u00fablicas un desarrollo que sea arm\u00f3nico y compatible con la conservaci\u00f3n y la protecci\u00f3n de los ecosistemas, respetando las realidades locales y potenciando la naturaleza.<\/p>\n","protected":false},"excerpt":{"rendered":"<p>Columna del senador Antonio Horvath publicada en Diario Estrategia el 14 de enero de 2013. Lograr una integraci\u00f3n entre las necesidades y desaf\u00edos a nivel nacional&#8230;<\/p>\n","protected":false},"author":16,"featured_media":2309,"comment_status":"open","ping_status":"open","sticky":false,"template":"","format":"standard","meta":{"footnotes":"","_links_to":"","_links_to_target":""},"categories":[48,1],"tags":[7],"class_list":["post-2308","post","type-post","status-publish","format-standard","has-post-thumbnail","hentry","category-columnas-de-opinion","category-resumen-de-prensa","tag-destacado"],"_links":{"self":[{"href":"https:\/\/www.terram.cl\/biodiversidad\/wp-json\/wp\/v2\/posts\/2308","targetHints":{"allow":["GET"]}}],"collection":[{"href":"https:\/\/www.terram.cl\/biodiversidad\/wp-json\/wp\/v2\/posts"}],"about":[{"href":"https:\/\/www.terram.cl\/biodiversidad\/wp-json\/wp\/v2\/types\/post"}],"author":[{"embeddable":true,"href":"https:\/\/www.terram.cl\/biodiversidad\/wp-json\/wp\/v2\/users\/16"}],"replies":[{"embeddable":true,"href":"https:\/\/www.terram.cl\/biodiversidad\/wp-json\/wp\/v2\/comments?post=2308"}],"version-history":[{"count":0,"href":"https:\/\/www.terram.cl\/biodiversidad\/wp-json\/wp\/v2\/posts\/2308\/revisions"}],"wp:featuredmedia":[{"embeddable":true,"href":"https:\/\/www.terram.cl\/biodiversidad\/wp-json\/wp\/v2\/media\/2309"}],"wp:attachment":[{"href":"https:\/\/www.terram.cl\/biodiversidad\/wp-json\/wp\/v2\/media?parent=2308"}],"wp:term":[{"taxonomy":"category","embeddable":true,"href":"https:\/\/www.terram.cl\/biodiversidad\/wp-json\/wp\/v2\/categories?post=2308"},{"taxonomy":"post_tag","embeddable":true,"href":"https:\/\/www.terram.cl\/biodiversidad\/wp-json\/wp\/v2\/tags?post=2308"}],"curies":[{"name":"wp","href":"https:\/\/api.w.org\/{rel}","templated":true}]}}