{"id":2319,"date":"2013-01-16T10:45:23","date_gmt":"2013-01-16T13:45:23","guid":{"rendered":"http:\/\/www.conservacionybiodiversidad.cl\/?p=2319"},"modified":"2013-01-16T10:45:23","modified_gmt":"2013-01-16T13:45:23","slug":"parques-privados-y-comunitarios-para-conservacion-de-la-biodiversidad-la-paradoja-de-oportunidades-y-desafios","status":"publish","type":"post","link":"https:\/\/www.terram.cl\/biodiversidad\/2013\/01\/16\/parques-privados-y-comunitarios-para-conservacion-de-la-biodiversidad-la-paradoja-de-oportunidades-y-desafios\/","title":{"rendered":"Parques Privados y Comunitarios para Conservaci\u00f3n de la Biodiversidad: La Paradoja de Oportunidades y Desaf\u00edos"},"content":{"rendered":"<p style=\"text-align: justify\"><a href=\"https:\/\/www.terram.cl\/biodiversidad\/wp-content\/uploads\/sites\/3\/2013\/01\/elisa-corcuera.jpg\"><img loading=\"lazy\" decoding=\"async\" class=\"alignleft size-thumbnail wp-image-2320\" title=\"elisa corcuera\" src=\"http:\/\/www.conservacionybiodiversidad.cl\/wp-content\/uploads\/2013\/01\/elisa-corcuera-150x150.jpg\" alt=\"\" width=\"150\" height=\"150\" srcset=\"https:\/\/www.terram.cl\/biodiversidad\/wp-content\/uploads\/sites\/3\/2013\/01\/elisa-corcuera-150x150.jpg 150w, https:\/\/www.terram.cl\/biodiversidad\/wp-content\/uploads\/sites\/3\/2013\/01\/elisa-corcuera-85x85.jpg 85w, https:\/\/www.terram.cl\/biodiversidad\/wp-content\/uploads\/sites\/3\/2013\/01\/elisa-corcuera-200x200.jpg 200w, https:\/\/www.terram.cl\/biodiversidad\/wp-content\/uploads\/sites\/3\/2013\/01\/elisa-corcuera-80x80.jpg 80w\" sizes=\"auto, (max-width: 150px) 100vw, 150px\" \/><\/a>Columna de Elisa Corcuera, Presidenta As\u00ed Conserva Chile, publicada en el D\u00ednamo el 16 de enero de 2013. Somos un pa\u00eds peque\u00f1o, geogr\u00e1ficamente aislado, con caracter\u00edsticas y ecosistemas \u00fanicos, con especies altamente end\u00e9micas. Aunque es un dato menos conocido, somos tambi\u00e9n un pa\u00eds l\u00edder en Latinoam\u00e9rica en conservaci\u00f3n privada y comunitaria.<\/p>\n<p style=\"text-align: justify\"><!--more--><\/p>\n<p style=\"text-align: justify\">Desde hace a\u00f1os que en el pa\u00eds hay diversos propietarios calladamente haciendo conservaci\u00f3n a peque\u00f1a o gran escala, gente muy diversa motivados por un espont\u00e1neo cari\u00f1o a la tierra y un gran respeto por los ciclos naturales de la vida.<\/p>\n<p style=\"text-align: justify\">La conservaci\u00f3n voluntaria de tierras ha cobrado auge extraordinario en Latinoam\u00e9rica desde la d\u00e9cada del \u201990. M\u00e1s all\u00e1 de las conocidas reservas privadas de Costa Rica que traen bonanza econ\u00f3mica a su pa\u00eds, en paralelo en los pa\u00edses del continente, incluyendo en Chile, han surgido una gran variedad de iniciativas, con diversos actores sociales, y un potencial que ha sido reconocido por la Uni\u00f3n Internacional para la Conservaci\u00f3n de la Naturaleza (UICN) como el eje de crecimiento futuro de la protecci\u00f3n de la biodiversidad. En muchos pa\u00edses de la Regi\u00f3n, incluyendo notables ejemplos como Brasil y Colombia, se han creado leyes y fondos que regulan y aportan incentivos a quienes llevan a cabo actividades de protecci\u00f3n de la naturaleza voluntariamente en sus territorios. A pesar de que en Chile tenemos un robusto movimiento de Iniciativas de Conservaci\u00f3n Privadas y Comunitarias, en institucionalidad estamos entre los pa\u00edses atrasados entre nuestros pares, una extra\u00f1a paradoja.<\/p>\n<p style=\"text-align: justify\">Los enfoques que integran la producci\u00f3n sustentable, el ecoturismo, el cuidado de especies en peligro o la investigaci\u00f3n cient\u00edfica son aplicados entre otros por familias, empresas, comunidades y universidades. Agrupados en la Asociaci\u00f3n de Iniciativas de Conservaci\u00f3n en \u00c1reas Privadas y de Pueblos Originarios de Chile denominada ASI Conserva Chile (www.asiconservachile.org), suman cerca de 100 iniciativas de conservaci\u00f3n privada y comunitaria, que cubren unas 600 mil hect\u00e1reas. Sus miembros comparten la convicci\u00f3n de ver un Chile con m\u00e1s respeto por la vida, m\u00e1s oportunidades econ\u00f3micas, social y culturalmente m\u00e1s consciente, construyendo un cambio positivo desde sus predios.<\/p>\n<p style=\"text-align: justify\">As\u00ed resulta alentador que en Chile las personas con hechos concretos demuestren voluntad y un compromiso real por la protecci\u00f3n de la biodiversidad, pese al escaso inter\u00e9s o reconocimiento, y nulos incentivos por parte del Estado. Los desaf\u00edos son muchos, los gestores de estos proyectos luchan constantemente por subsistir y proteger las especies y ecosistemas que en ellos hay, vale recordar el incendio que casi arras\u00f3 con las robler\u00edas del Santuario Altos de Cantillana, y el end\u00e9mico lagarto Torcuato que s\u00f3lo all\u00ed habita. Dependiendo \u00fanicamente de las personas que voluntariamente renuevan cada d\u00eda su cari\u00f1o, compromiso y dedicaci\u00f3n de recursos, la gran mayor\u00eda de las iniciativas de conservaci\u00f3n privadas en Chile viven en continuo peligro de desaparici\u00f3n.<\/p>\n<p style=\"text-align: justify\">Para lograr un manejo efectivo y no s\u00f3lo buenas intenciones, es necesario interactuar con muchos actores claves vinculados, aprender de sus experiencias y lograr un trabajo conjunto, ya que un elemento propio de la biodiversidad, es que no conoce de fronteras y demanda una coordinaci\u00f3n permanente con predios vecinos, para lograr impacto en la conservaci\u00f3n de una zona. Trabajando en forma aislada, los gestores de las iniciativas de conservaci\u00f3n privada en Chile s\u00f3lo logran una peque\u00f1a parte de su potencial aporte.<\/p>\n<p style=\"text-align: justify\">Las oportunidades tambi\u00e9n son muchas: a diferencia de los Parques Nacionales, los parques privados y comunitarios tienen, en general, una vocaci\u00f3n mucho m\u00e1s productiva, y una much\u00edsima mayor eficiencia en el emprendimiento econ\u00f3mico y social. Aqu\u00ed se presenta la oportunidad de realizar conservaci\u00f3n a mucho menor costo que en el sistema estatal, integrando una visi\u00f3n de fomento productivo y emprendimiento social.<\/p>\n<p style=\"text-align: justify\">Chile actualmente est\u00e1 en el proceso de dise\u00f1ar un Sistema Nacional de \u00c1reas Protegidas, que se expresa concretamente en un proyecto de ley que prontamente ser\u00e1 debatido en el Congreso y es conocido como la Ley SBAP. Es la oportunidad para alcanzar una s\u00f3lida institucionalidad, que incluya en los esfuerzos de conservaci\u00f3n de la biodiversidad las oportunidades y desaf\u00edos planteados por los propietarios privados, comunidades agr\u00edcolas e ind\u00edgenas, donde la perspectiva regional y la participaci\u00f3n de la comunidad sean indispensables en los procesos de gesti\u00f3n del desarrollo sustentable, potenciando a las iniciativas de la sociedad civil como dinamizadores de la econom\u00eda y calidad de vida local.<\/p>\n<p style=\"text-align: justify\">El dise\u00f1o e implementaci\u00f3n de un Sistema Nacional de \u00c1reas Protegidas, que integre lo p\u00fablico, privado y comunitario, lo marino y lo terrestre, es uno de los temas pendientes que tiene Chile para cumplir con el Convenio de la Biodiversidad, suscrito por m\u00e1s de 180 pa\u00edses, y que fue ratificado por Chile el a\u00f1o 1994. Se presenta hoy adem\u00e1s, la oportunidad de incorporar maneras innovadoras y creativas de hacer conservaci\u00f3n que surgen desde el \u00e1mbito no-gubernamental, produci\u00e9ndose de manera virtuosa la integraci\u00f3n de los intereses nacionales y regionales en materia desarrollo sustentable, y a la vez viabilizando el cumplimiento del Convenio Internacional de la Biodiversidad.<\/p>\n<p style=\"text-align: justify\">Somos un pa\u00eds peque\u00f1o, geogr\u00e1ficamente aislado, con caracter\u00edsticas y ecosistemas \u00fanicos, con especies altamente end\u00e9micas. Aunque es un dato menos conocido, somos tambi\u00e9n un pa\u00eds l\u00edder en Latinoam\u00e9rica en conservaci\u00f3n privada y comunitaria, l\u00edder desde la sociedad civil en cantidad, diversidad, creatividad y extensi\u00f3n de los proyectos. Y somos reconocidos as\u00ed a pesar de nuestra deplorable trayectoria en el \u00e1mbito de institucionalidad de apoyo. Ya es tiempo que la discusi\u00f3n de la Ley SBAP nos deje con instrumentos que aseguren y promuevan una favorable conservaci\u00f3n de la diversidad biol\u00f3gica, integrando a la sociedad civil, otorgando incentivos econ\u00f3micos para las funciones que son de inter\u00e9s social, programas de fomento productivo para crear polos de emprendimiento sustentable a su alrededor, y dejando atr\u00e1s la actual paradoja para convertirnos en pa\u00eds l\u00edder, en todo sentido.<\/p>\n","protected":false},"excerpt":{"rendered":"<p>Columna de Elisa Corcuera, Presidenta As\u00ed Conserva Chile, publicada en el D\u00ednamo el 16 de enero de 2013. Somos un pa\u00eds peque\u00f1o, geogr\u00e1ficamente aislado, con caracter\u00edsticas&#8230;<\/p>\n","protected":false},"author":16,"featured_media":2321,"comment_status":"open","ping_status":"open","sticky":false,"template":"","format":"standard","meta":{"footnotes":"","_links_to":"","_links_to_target":""},"categories":[48,1],"tags":[7],"class_list":["post-2319","post","type-post","status-publish","format-standard","has-post-thumbnail","hentry","category-columnas-de-opinion","category-resumen-de-prensa","tag-destacado"],"_links":{"self":[{"href":"https:\/\/www.terram.cl\/biodiversidad\/wp-json\/wp\/v2\/posts\/2319","targetHints":{"allow":["GET"]}}],"collection":[{"href":"https:\/\/www.terram.cl\/biodiversidad\/wp-json\/wp\/v2\/posts"}],"about":[{"href":"https:\/\/www.terram.cl\/biodiversidad\/wp-json\/wp\/v2\/types\/post"}],"author":[{"embeddable":true,"href":"https:\/\/www.terram.cl\/biodiversidad\/wp-json\/wp\/v2\/users\/16"}],"replies":[{"embeddable":true,"href":"https:\/\/www.terram.cl\/biodiversidad\/wp-json\/wp\/v2\/comments?post=2319"}],"version-history":[{"count":0,"href":"https:\/\/www.terram.cl\/biodiversidad\/wp-json\/wp\/v2\/posts\/2319\/revisions"}],"wp:featuredmedia":[{"embeddable":true,"href":"https:\/\/www.terram.cl\/biodiversidad\/wp-json\/wp\/v2\/media\/2321"}],"wp:attachment":[{"href":"https:\/\/www.terram.cl\/biodiversidad\/wp-json\/wp\/v2\/media?parent=2319"}],"wp:term":[{"taxonomy":"category","embeddable":true,"href":"https:\/\/www.terram.cl\/biodiversidad\/wp-json\/wp\/v2\/categories?post=2319"},{"taxonomy":"post_tag","embeddable":true,"href":"https:\/\/www.terram.cl\/biodiversidad\/wp-json\/wp\/v2\/tags?post=2319"}],"curies":[{"name":"wp","href":"https:\/\/api.w.org\/{rel}","templated":true}]}}