{"id":2495,"date":"2013-03-27T11:13:16","date_gmt":"2013-03-27T15:13:16","guid":{"rendered":"http:\/\/www.conservacionybiodiversidad.cl\/?p=2495"},"modified":"2013-03-27T11:13:16","modified_gmt":"2013-03-27T15:13:16","slug":"ley-de-fomento-forestal","status":"publish","type":"post","link":"https:\/\/www.terram.cl\/biodiversidad\/2013\/03\/27\/ley-de-fomento-forestal\/","title":{"rendered":"Ley de fomento forestal"},"content":{"rendered":"<p style=\"text-align: justify\"><a href=\"https:\/\/www.terram.cl\/biodiversidad\/wp-content\/uploads\/sites\/3\/2011\/12\/logoaifbn3.jpg\"><img loading=\"lazy\" decoding=\"async\" class=\"alignleft size-thumbnail wp-image-240\" alt=\"logoaifbn\" src=\"http:\/\/www.conservacionybiodiversidad.cl\/wp-content\/uploads\/2011\/12\/logoaifbn3-150x150.jpg\" width=\"150\" height=\"150\" srcset=\"https:\/\/www.terram.cl\/biodiversidad\/wp-content\/uploads\/sites\/3\/2011\/12\/logoaifbn3-150x150.jpg 150w, https:\/\/www.terram.cl\/biodiversidad\/wp-content\/uploads\/sites\/3\/2011\/12\/logoaifbn3-146x146.jpg 146w, https:\/\/www.terram.cl\/biodiversidad\/wp-content\/uploads\/sites\/3\/2011\/12\/logoaifbn3-50x50.jpg 50w, https:\/\/www.terram.cl\/biodiversidad\/wp-content\/uploads\/sites\/3\/2011\/12\/logoaifbn3-120x120.jpg 120w, https:\/\/www.terram.cl\/biodiversidad\/wp-content\/uploads\/sites\/3\/2011\/12\/logoaifbn3-85x85.jpg 85w, https:\/\/www.terram.cl\/biodiversidad\/wp-content\/uploads\/sites\/3\/2011\/12\/logoaifbn3-80x80.jpg 80w, https:\/\/www.terram.cl\/biodiversidad\/wp-content\/uploads\/sites\/3\/2011\/12\/logoaifbn3.jpg 225w\" sizes=\"auto, (max-width: 150px) 100vw, 150px\" \/><\/a>Carta al Director de Sergio Donoso Calder\u00f3n Presidente Agrupaci\u00f3n de Ingenieros Forestales por el Bosque Nativo, publicada el 27 de marzo de 2013 en La Tercera.\u00a0El proyecto de ley que modifica y extiende por 20 a\u00f1os el Decreto Ley N\u00b0 701 sobre fomento forestal fue votado en general en la C\u00e1mara de Diputados, tras haber sido despachado por la Comisi\u00f3n de Hacienda.<\/p>\n<p style=\"text-align: justify\"><!--more--><\/p>\n<p style=\"text-align: justify\">En un hecho pocas veces visto, la iniciativa \u201cfracas\u00f3\u201d, porque la oposici\u00f3n decidi\u00f3 no emitir su voto, aunque estaban presentes en la sala. Como consecuencia, la votaci\u00f3n en particular fue suspendida debido a la falta de qu\u00f3rum, obligando a postergar su discusi\u00f3n para abril.<\/p>\n<p style=\"text-align: justify\">Podemos comprender la molestia de algunos sectores, pero a pesar de lo \u201cnoticioso\u201d del procedimiento efectuado por los honorables, hay temas de fondo necesarios de visibilizar. Este es un proyecto que presenta s\u00f3lo la visi\u00f3n del gobierno y que tuvo una nula receptividad a perfeccionarla en aspectos tan simples como priorizar el fomento directo para los peque\u00f1os propietarios, darles apoyo t\u00e9cnico, facilitarles la obtenci\u00f3n de los subsidios y establecer medidas de protecci\u00f3n ambiental que permitan proteger el suelo y la producci\u00f3n de agua, entre otros.<\/p>\n<p style=\"text-align: justify\">Hay que recalcarlo; estas sugerencias fueron rechazadas o declaradas inadmisibles sistem\u00e1ticamente por diputados de gobierno. En ese escenario parece comprensible la decisi\u00f3n de no votar por parte de los diputados de oposici\u00f3n.<\/p>\n<p style=\"text-align: justify\">Pronto entraremos en una nueva etapa legislativa, donde instamos al Ejecutivo a tener mayor apertura y evitar presiones para discutir apresuradamente un proyecto de alta complejidad que tendr\u00e1 vigencia por 20 a\u00f1os.<\/p>\n","protected":false},"excerpt":{"rendered":"<p>Carta al Director de Sergio Donoso Calder\u00f3n Presidente Agrupaci\u00f3n de Ingenieros Forestales por el Bosque Nativo, publicada el 27 de marzo de 2013 en La Tercera.\u00a0El&#8230;<\/p>\n","protected":false},"author":16,"featured_media":125319,"comment_status":"open","ping_status":"open","sticky":false,"template":"","format":"standard","meta":{"footnotes":"","_links_to":"","_links_to_target":""},"categories":[48,1],"tags":[],"class_list":["post-2495","post","type-post","status-publish","format-standard","has-post-thumbnail","hentry","category-columnas-de-opinion","category-resumen-de-prensa"],"_links":{"self":[{"href":"https:\/\/www.terram.cl\/biodiversidad\/wp-json\/wp\/v2\/posts\/2495","targetHints":{"allow":["GET"]}}],"collection":[{"href":"https:\/\/www.terram.cl\/biodiversidad\/wp-json\/wp\/v2\/posts"}],"about":[{"href":"https:\/\/www.terram.cl\/biodiversidad\/wp-json\/wp\/v2\/types\/post"}],"author":[{"embeddable":true,"href":"https:\/\/www.terram.cl\/biodiversidad\/wp-json\/wp\/v2\/users\/16"}],"replies":[{"embeddable":true,"href":"https:\/\/www.terram.cl\/biodiversidad\/wp-json\/wp\/v2\/comments?post=2495"}],"version-history":[{"count":0,"href":"https:\/\/www.terram.cl\/biodiversidad\/wp-json\/wp\/v2\/posts\/2495\/revisions"}],"wp:featuredmedia":[{"embeddable":true,"href":"https:\/\/www.terram.cl\/biodiversidad\/wp-json\/wp\/v2\/media\/125319"}],"wp:attachment":[{"href":"https:\/\/www.terram.cl\/biodiversidad\/wp-json\/wp\/v2\/media?parent=2495"}],"wp:term":[{"taxonomy":"category","embeddable":true,"href":"https:\/\/www.terram.cl\/biodiversidad\/wp-json\/wp\/v2\/categories?post=2495"},{"taxonomy":"post_tag","embeddable":true,"href":"https:\/\/www.terram.cl\/biodiversidad\/wp-json\/wp\/v2\/tags?post=2495"}],"curies":[{"name":"wp","href":"https:\/\/api.w.org\/{rel}","templated":true}]}}