{"id":2499,"date":"2013-03-27T11:41:09","date_gmt":"2013-03-27T15:41:09","guid":{"rendered":"http:\/\/www.conservacionybiodiversidad.cl\/?p=2499"},"modified":"2013-03-27T11:41:09","modified_gmt":"2013-03-27T15:41:09","slug":"turismo-sustentable-un-desafio-para-la-zona-austral","status":"publish","type":"post","link":"https:\/\/www.terram.cl\/biodiversidad\/2013\/03\/27\/turismo-sustentable-un-desafio-para-la-zona-austral\/","title":{"rendered":"Turismo sustentable, un desaf\u00edo para la Zona Austral"},"content":{"rendered":"<p style=\"text-align: justify\"><a href=\"https:\/\/www.terram.cl\/biodiversidad\/wp-content\/uploads\/sites\/3\/2013\/01\/parque-los-cipreces.jpg\"><img loading=\"lazy\" decoding=\"async\" class=\"alignleft size-thumbnail wp-image-2355\" alt=\"parque los cipreces\" src=\"http:\/\/www.conservacionybiodiversidad.cl\/wp-content\/uploads\/2013\/01\/parque-los-cipreces-150x150.jpg\" width=\"150\" height=\"150\" srcset=\"https:\/\/www.terram.cl\/biodiversidad\/wp-content\/uploads\/sites\/3\/2013\/01\/parque-los-cipreces-150x150.jpg 150w, https:\/\/www.terram.cl\/biodiversidad\/wp-content\/uploads\/sites\/3\/2013\/01\/parque-los-cipreces-250x250.jpg 250w, https:\/\/www.terram.cl\/biodiversidad\/wp-content\/uploads\/sites\/3\/2013\/01\/parque-los-cipreces-85x85.jpg 85w, https:\/\/www.terram.cl\/biodiversidad\/wp-content\/uploads\/sites\/3\/2013\/01\/parque-los-cipreces-350x350.jpg 350w, https:\/\/www.terram.cl\/biodiversidad\/wp-content\/uploads\/sites\/3\/2013\/01\/parque-los-cipreces-80x80.jpg 80w\" sizes=\"auto, (max-width: 150px) 100vw, 150px\" \/><\/a>Columna del diputado Patricio Vallesp\u00edn. La protecci\u00f3n de la biodiversidad y de los ecosistemas de alto valor contenidos en las distintas \u00e1reas de conservaci\u00f3n ya sea p\u00fablicas o privadas, hist\u00f3ricamente ha sido un objetivo dif\u00edcil de alcanzar. Esto se debe a la escasez de recursos y las constantes presiones ejercidas sobre estas \u00e1reas, muchas veces provenientes de la comunidad aleda\u00f1a, la que por necesidad, tradici\u00f3n y desconocimiento realizan actividades productivas que se alejan de los fines de conservaci\u00f3n y el cuidado de la biodiversidad. Entre estas actividades se cuenta la extracci\u00f3n ilegal de le\u00f1a, el ingreso de animales al bosque o el dep\u00f3sito de basura. Vea columna publicada por El Llanquihue <a href=\"http:\/\/www.ellanquihue.cl\/impresa\/2013\/03\/27\/full\/8\/\">AQU\u00cd\u00a0<\/a><\/p>\n<p style=\"text-align: justify\"><!--more--><br \/>\nEste problema se debe en parte a que hist\u00f3ricamente se ha definido las \u00e1reas de conservaci\u00f3n como verdaderas islas contenidas en un territorio, en las que se defin\u00eda un l\u00edmite pero no se establec\u00eda conexi\u00f3n con el entorno; en el borde del \u00e1rea protegida se defin\u00eda una \u201czona de amortiguaci\u00f3n\u201d, generalmente habitada. As\u00ed, los encargados de definir y manejar las \u00e1reas protegidas en la pr\u00e1ctica desconoc\u00edan qui\u00e9nes eran sus vecinos, cu\u00e1l era su cultura, sus necesidades y las actividades productivas que realizaban para su supervivencia. Por tanto la zona de amortiguaci\u00f3n en vez de ser una zona de transici\u00f3n, que diera cierto nivel de resguardo a una zona de conservaci\u00f3n de la biodiversidad, se transformaba en una amenaza para el \u00e1rea. Con el tiempo, la presi\u00f3n ejercida desde las llamadas \u201czonas de amortiguaci\u00f3n\u201d o \u201czonas de influencia\u201d (las \u00e1reas adyacentes a los l\u00edmites de las \u00e1reas protegidas) ha variado gracias a un cambio de enfoque, lo que ha permitido establecer en algunas \u00e1reas una relaci\u00f3n virtuosa y de buena vecindad. Diversos actores han comenzado a impulsar lo que se denomina \u201cpaisajes vivos\u201d, que permite establecer una buena gobernanza ambiental y territorial y en que las comunidades aleda\u00f1as a \u00e1reas protegidas desarrollan actividades econ\u00f3micas responsables, sustentables y en armon\u00eda con la zona bajo resguardo y sus objetivos de conservaci\u00f3n, lo que adem\u00e1s apoya el desarrollo de econom\u00edas locales de bajo impacto ambiental. Es el caso del esfuerzo que ha realizado desde hace varios a\u00f1os el Sistema Regional de \u00c1reas Protegidas (SIRAP), a trav\u00e9s de apoyos significativos para el desarrollo de actividades productivas sustentables para comunidades aleda\u00f1as a las \u00e1reas protegidas, tales como el turismo sustentable, entendiendo el gran potencial de este rubro, especialmente por las posibilidades de retroalimentaci\u00f3n y coexistencia con las propias \u00e1reas protegidas, pero tambi\u00e9n el desarrollo de actividades productivas que son de bajo impacto, como la apicultura.<\/p>\n<p style=\"text-align: justify\">El trabajo conjunto entre los habitantes de las zonas de amortiguaci\u00f3n y las \u00e1reas protegidas, cobra fuerza y se complementa, ya que en ellas se ha ido creando infraestructura tur\u00edstica de acuerdo a una zonificaci\u00f3n consensuada. En este marco se han entregado concesiones gratuitas a las propias comunidades locales para \u00e1reas de picnic y otros usos tur\u00edsticos. Adem\u00e1s, han promovido la colaboraci\u00f3n mutua con agrupaciones de gu\u00edas locales, lo que ha permitido abrir circuitos para turistas, por ejemplo, a zonas con relictos de alerces milenarios o de avistamiento de ballenas. En el caso de los apicultores, se ha establecido un sistema de trabajo colaborativo.<\/p>\n<p style=\"text-align: justify\">El trabajo mancomunado entre actores p\u00fablicos y privados vinculados a la conservaci\u00f3n y la comunidad local que vive en las zonas circundantes a las \u00e1reas protegidas, se vuelve estrat\u00e9gico y augura logros significativos en materia de conservaci\u00f3n en la zona austral. Por este motivo, es importante que m\u00e1s \u00e1reas protegidas, tanto p\u00fablicas como privadas, desarrollen programas de participaci\u00f3n social y desarrollo comunitario, y que \u00e9stos a su vez tengan apoyos concretos provenientes de los gobiernos locales que permitan apoyar los primeros pasos para el establecimiento de actividades productivas sustentables, de manera de ir fortaleciendo la conservaci\u00f3n de nuestra rica biodiversidad.<\/p>\n<p style=\"text-align: justify\">Ahora el desaf\u00edo es lograr que existan programas que apoyen el desarrollo de econom\u00edas locales sustentables en zonas de amortiguaci\u00f3n en todo el territorio a trav\u00e9s de una serie de instrumentos como asistencia t\u00e9cnica a la comunidad, programas de cr\u00e9ditos o donaciones, incentivos para asegurar que existan peque\u00f1os emprendimientos tur\u00edsticos y el desarrollo de actividades productivas de bajo impacto. Estos son los grandes desaf\u00edos pa\u00eds que no podemos seguir postergando y tenemos que enfrentrar cuanto antes, fomentando relaciones virtuosas entre las partes: la comunidad local y los actores de la conservaci\u00f3n sea \u00e9sta p\u00fablica o privada.<\/p>\n","protected":false},"excerpt":{"rendered":"<p>Columna del diputado Patricio Vallesp\u00edn. La protecci\u00f3n de la biodiversidad y de los ecosistemas de alto valor contenidos en las distintas \u00e1reas de conservaci\u00f3n ya sea&#8230;<\/p>\n","protected":false},"author":16,"featured_media":2355,"comment_status":"open","ping_status":"open","sticky":false,"template":"","format":"standard","meta":{"footnotes":"","_links_to":"","_links_to_target":""},"categories":[48,1],"tags":[7,127],"class_list":["post-2499","post","type-post","status-publish","format-standard","has-post-thumbnail","hentry","category-columnas-de-opinion","category-resumen-de-prensa","tag-destacado","tag-vallespin"],"_links":{"self":[{"href":"https:\/\/www.terram.cl\/biodiversidad\/wp-json\/wp\/v2\/posts\/2499","targetHints":{"allow":["GET"]}}],"collection":[{"href":"https:\/\/www.terram.cl\/biodiversidad\/wp-json\/wp\/v2\/posts"}],"about":[{"href":"https:\/\/www.terram.cl\/biodiversidad\/wp-json\/wp\/v2\/types\/post"}],"author":[{"embeddable":true,"href":"https:\/\/www.terram.cl\/biodiversidad\/wp-json\/wp\/v2\/users\/16"}],"replies":[{"embeddable":true,"href":"https:\/\/www.terram.cl\/biodiversidad\/wp-json\/wp\/v2\/comments?post=2499"}],"version-history":[{"count":0,"href":"https:\/\/www.terram.cl\/biodiversidad\/wp-json\/wp\/v2\/posts\/2499\/revisions"}],"wp:featuredmedia":[{"embeddable":true,"href":"https:\/\/www.terram.cl\/biodiversidad\/wp-json\/wp\/v2\/media\/2355"}],"wp:attachment":[{"href":"https:\/\/www.terram.cl\/biodiversidad\/wp-json\/wp\/v2\/media?parent=2499"}],"wp:term":[{"taxonomy":"category","embeddable":true,"href":"https:\/\/www.terram.cl\/biodiversidad\/wp-json\/wp\/v2\/categories?post=2499"},{"taxonomy":"post_tag","embeddable":true,"href":"https:\/\/www.terram.cl\/biodiversidad\/wp-json\/wp\/v2\/tags?post=2499"}],"curies":[{"name":"wp","href":"https:\/\/api.w.org\/{rel}","templated":true}]}}