{"id":2533,"date":"2013-03-11T14:47:05","date_gmt":"2013-03-11T18:47:05","guid":{"rendered":"http:\/\/www.conservacionybiodiversidad.cl\/?p=2533"},"modified":"2013-03-11T14:47:05","modified_gmt":"2013-03-11T18:47:05","slug":"244-el-proyecto-de-codelco-que-nos-puede-cambiar-la-vida","status":"publish","type":"post","link":"https:\/\/www.terram.cl\/biodiversidad\/2013\/03\/11\/244-el-proyecto-de-codelco-que-nos-puede-cambiar-la-vida\/","title":{"rendered":"244, el proyecto de Codelco que nos puede cambiar la vida"},"content":{"rendered":"<p style=\"text-align: justify\"><a href=\"https:\/\/www.terram.cl\/biodiversidad\/wp-content\/uploads\/sites\/3\/2012\/01\/flavia_liberona_cespedes_2008.jpg\"><img loading=\"lazy\" decoding=\"async\" class=\"alignleft size-full wp-image-679\" alt=\"flavia_liberona_cespedes_2008\" src=\"https:\/\/www.terram.cl\/biodiversidad\/wp-content\/uploads\/sites\/3\/2012\/01\/flavia_liberona_cespedes_2008.jpg\" width=\"150\" height=\"134\" srcset=\"https:\/\/www.terram.cl\/biodiversidad\/wp-content\/uploads\/sites\/3\/2012\/01\/flavia_liberona_cespedes_2008.jpg 150w, https:\/\/www.terram.cl\/biodiversidad\/wp-content\/uploads\/sites\/3\/2012\/01\/flavia_liberona_cespedes_2008-50x45.jpg 50w, https:\/\/www.terram.cl\/biodiversidad\/wp-content\/uploads\/sites\/3\/2012\/01\/flavia_liberona_cespedes_2008-134x120.jpg 134w\" sizes=\"auto, (max-width: 150px) 100vw, 150px\" \/><\/a>Columna de Flavia Liberona, Directora Ejecutiva Fundaci\u00f3n Terram, publicada en BlogLaTercera el 05 de abril de 2013. Hace pocos d\u00edas recorr\u00ed desde Con Con a Puchuncav\u00ed, una zona en la que se emplazan entre 14 y 17 instalaciones industriales, que han generado durante a\u00f1os altos niveles de contaminaci\u00f3n. Famosos son los episodios de contaminaci\u00f3n registrados en la escuela de La Greda, as\u00ed como tambi\u00e9n la emblem\u00e1tica oposici\u00f3n de la comunidad local a la instalaci\u00f3n de la termoel\u00e9ctrica Campiche, la que finalmente consigui\u00f3 su permiso ambiental tras un largo y cuestionable proceso a fines del gobierno de Bachelet. Tanto la historia de Campiche como la contaminaci\u00f3n de La Greda y en general de la Bah\u00eda de Quintero, tienen larga data y han motivado reportajes, art\u00edculos de prensa, una comisi\u00f3n investigadora en la C\u00e1mara de Diputados, acciones legales y hasta que se diera cuenta de la grave situaci\u00f3n que afecta a las personas en informes de derechos humanos. Pese a todo ello, hasta ahora nada ha cambiado, la zona sigue contaminada y los habitantes contin\u00faan viviendo en el desamparo del Estado.<\/p>\n<p style=\"text-align: justify\"><!--more--><\/p>\n<p style=\"text-align: justify\">Por si todo esto fuera poco, una nueva amenaza se cierne ahora sobre los habitantes de la Bah\u00eda de Quintero. Se trata del proyecto 244, la expansi\u00f3n de la Divisi\u00f3n Andina de la estatal Codelco, que a comienzos de 2013 ingres\u00f3 a Evaluaci\u00f3n de Impacto Ambiental. Si bien las obras proyectadas para esta zona no son las que podr\u00edan causar el mayor impacto que implicar\u00eda la materializaci\u00f3n de este proyecto, no parece justo seguir afectando a esta comunidad con nuevas cargas ambientales negativas, m\u00e1s a\u00fan cuando Codelco ha sido uno de los responsables de la contaminaci\u00f3n que aqueja a la zona.<\/p>\n<p style=\"text-align: justify\">Pero esto no es todo, pues el proyecto 244 de Codelco, si bien ha pasado bastante desapercibido, implica impactos ambientales al menos en 12 comunas de las regiones de Valpara\u00edso y Metropolitana. El proyecto consiste en la ampliaci\u00f3n de una mina a rajo abierto en la Cordillera de Los Andes, que sin duda causar\u00e1 enormes impactos ambientales negativos que afectar\u00e1n ecosistemas naturales y a millones de personas, incluidos los habitantes de la Regi\u00f3n Metropolitana.<\/p>\n<p style=\"text-align: justify\">Para vislumbrar en parte lo que se avecina es necesario recurrir a algunos datos b\u00e1sicos. Seg\u00fan se\u00f1ala Codelco, se trata de una inversi\u00f3n de 6.800 millones de d\u00f3lares que materializar\u00eda diversas obras con el prop\u00f3sito de aumentar la capacidad de tratamiento del mineral pasando de las actuales 92.000 toneladas diarias a 244.000 toneladas al d\u00eda. Para lograr esto, se ampliar\u00eda la extracci\u00f3n de material de la mina a rajo abierto moviendo 510.000 toneladas de material diariamente. Este mega emprendimiento minero consta de varias obras que se ubicar\u00e1n en distintas comunas, afectando a comunidades, la mayor\u00eda peque\u00f1as, que de una u otra forma se sienten agredidas e impotentes ante lo que se viene. Muchas de ellas desconocen los procedimientos que contempla la ley ambiental mediante la cual se eval\u00faa ambientalmente un proyecto de esta naturaleza; tampoco cuentan con la capacidad t\u00e9cnica para revisar un estudio de impacto ambiental de siete mil p\u00e1ginas, y evidentemente desde el Servicio de Evaluaci\u00f3n Ambiental no se les presta asesor\u00eda t\u00e9cnica, pues no est\u00e1 contemplado en la ley hacerlo.<\/p>\n<p style=\"text-align: justify\">El proyecto 244 se ubica a s\u00f3lo 45 kil\u00f3metros de Santiago, cerca de la comuna de Lo Barnechea, y afectar\u00eda glaciares y por ende el abasteciendo y\/o calidad de agua de la cuenca, as\u00ed como el Santuario de la Naturaleza Yerba Loca. Este mega proyecto minero del Estado, que podr\u00eda cambiar la vida de los santiaguinos, contempla, entre otras obras, un dep\u00f3sito de lastre, la planta concentradora de mineral, la ampliaci\u00f3n de un tranque de relave y el transporte del concentrado hacia la Bah\u00eda de Quintero. Sin duda es un enorme proyecto, muy complejo y que las comunidades deben enfrentar solas, sin el amparo del Estado, tal como ha sido la realidad de la gente de la Bah\u00eda de Quintero durante a\u00f1os.<\/p>\n<p style=\"text-align: justify\">La expansi\u00f3n andina 244 ha mantenido hasta ahora un bajo perfil, por lo que la opini\u00f3n p\u00fablica en su mayor\u00eda desconoce aspectos claves de este proyecto, que afectar\u00eda m\u00e1s de 20 glaciares. Pero m\u00e1s all\u00e1 de la naturaleza y los nefastos impactos que podr\u00eda generar este proyecto si se materializa, resulta impresentable que tanto las autoridades ambientales como una empresa que pertenece a todos los chilenos trabajen en su aprobaci\u00f3n, utilizando todas las estratagemas que aplican las grandes empresas privadas, esto es, Estudios de Impacto Ambiental incompletos, eludiendo datos claves, present\u00e1ndolo como un proyecto estrat\u00e9gico para el pa\u00eds, etc.<\/p>\n<p style=\"text-align: justify\">El proyecto andina 244 puede cambiar dr\u00e1sticamente la calidad de vida de millones de personas, da\u00f1ar fuentes de agua y ecosistemas, por lo que es imprescindible que sea analizado y evaluado de cara al pa\u00eds.<\/p>\n","protected":false},"excerpt":{"rendered":"<p>Columna de Flavia Liberona, Directora Ejecutiva Fundaci\u00f3n Terram, publicada en BlogLaTercera el 05 de abril de 2013. Hace pocos d\u00edas recorr\u00ed desde Con Con a Puchuncav\u00ed,&#8230;<\/p>\n","protected":false},"author":16,"featured_media":125319,"comment_status":"open","ping_status":"open","sticky":false,"template":"","format":"standard","meta":{"footnotes":"","_links_to":"","_links_to_target":""},"categories":[48,1],"tags":[],"class_list":["post-2533","post","type-post","status-publish","format-standard","has-post-thumbnail","hentry","category-columnas-de-opinion","category-resumen-de-prensa"],"_links":{"self":[{"href":"https:\/\/www.terram.cl\/biodiversidad\/wp-json\/wp\/v2\/posts\/2533","targetHints":{"allow":["GET"]}}],"collection":[{"href":"https:\/\/www.terram.cl\/biodiversidad\/wp-json\/wp\/v2\/posts"}],"about":[{"href":"https:\/\/www.terram.cl\/biodiversidad\/wp-json\/wp\/v2\/types\/post"}],"author":[{"embeddable":true,"href":"https:\/\/www.terram.cl\/biodiversidad\/wp-json\/wp\/v2\/users\/16"}],"replies":[{"embeddable":true,"href":"https:\/\/www.terram.cl\/biodiversidad\/wp-json\/wp\/v2\/comments?post=2533"}],"version-history":[{"count":0,"href":"https:\/\/www.terram.cl\/biodiversidad\/wp-json\/wp\/v2\/posts\/2533\/revisions"}],"wp:featuredmedia":[{"embeddable":true,"href":"https:\/\/www.terram.cl\/biodiversidad\/wp-json\/wp\/v2\/media\/125319"}],"wp:attachment":[{"href":"https:\/\/www.terram.cl\/biodiversidad\/wp-json\/wp\/v2\/media?parent=2533"}],"wp:term":[{"taxonomy":"category","embeddable":true,"href":"https:\/\/www.terram.cl\/biodiversidad\/wp-json\/wp\/v2\/categories?post=2533"},{"taxonomy":"post_tag","embeddable":true,"href":"https:\/\/www.terram.cl\/biodiversidad\/wp-json\/wp\/v2\/tags?post=2533"}],"curies":[{"name":"wp","href":"https:\/\/api.w.org\/{rel}","templated":true}]}}