{"id":3305,"date":"2014-03-11T17:51:30","date_gmt":"2014-03-11T21:51:30","guid":{"rendered":"http:\/\/www.conservacionybiodiversidad.cl\/?p=3305"},"modified":"2014-03-11T17:51:30","modified_gmt":"2014-03-11T21:51:30","slug":"estudio-propone-conservar-humedal-de-huentelauquen","status":"publish","type":"post","link":"https:\/\/www.terram.cl\/biodiversidad\/2014\/03\/11\/estudio-propone-conservar-humedal-de-huentelauquen\/","title":{"rendered":"Estudio propone conservar humedal de Huentelauqu\u00e9n"},"content":{"rendered":"<p><a href=\"https:\/\/www.terram.cl\/biodiversidad\/wp-content\/uploads\/sites\/3\/2014\/03\/humedal-huentelauquen.jpg\"><img loading=\"lazy\" decoding=\"async\" class=\"alignleft size-thumbnail wp-image-3306\" alt=\"humedal huentelauquen\" src=\"http:\/\/www.conservacionybiodiversidad.cl\/wp-content\/uploads\/2014\/03\/humedal-huentelauquen-150x150.jpg\" width=\"150\" height=\"150\" srcset=\"https:\/\/www.terram.cl\/biodiversidad\/wp-content\/uploads\/sites\/3\/2014\/03\/humedal-huentelauquen-150x150.jpg 150w, https:\/\/www.terram.cl\/biodiversidad\/wp-content\/uploads\/sites\/3\/2014\/03\/humedal-huentelauquen-250x250.jpg 250w, https:\/\/www.terram.cl\/biodiversidad\/wp-content\/uploads\/sites\/3\/2014\/03\/humedal-huentelauquen-85x85.jpg 85w, https:\/\/www.terram.cl\/biodiversidad\/wp-content\/uploads\/sites\/3\/2014\/03\/humedal-huentelauquen-350x350.jpg 350w, https:\/\/www.terram.cl\/biodiversidad\/wp-content\/uploads\/sites\/3\/2014\/03\/humedal-huentelauquen-80x80.jpg 80w\" sizes=\"auto, (max-width: 150px) 100vw, 150px\" \/><\/a>El D\u00eda- La Serena, 10 de marzo de 2014. La iniciativa es parte de un proyecto de investigaci\u00f3n financiado con el Fondo de Protecci\u00f3n Ambiental del Ministerio del Medio Ambiente.<br \/>\n<!--more--><br \/>\nCon recursos del Fondo de Protecci\u00f3n Ambiental del Ministerio del Medio Ambiente, el Laboratorio de Ecolog\u00eda de Vertebrados de la Universidad de La Serena realiz\u00f3 un estudio que cuantific\u00f3 la flora y fauna del humedal de Huentelauqu\u00e9n.<br \/>\nAl t\u00e9rmino del estudio, los investigadores entregaron un expediente donde solicitan que 2.772 hect\u00e1reas de este lugar sea declarado Sitio Ramsar, una protecci\u00f3n que entrega la Convenci\u00f3n sobre los Humedales de Importancia Internacional.<br \/>\nDurante la ceremonia de cierre del proyecto se inform\u00f3 que el lugar presenta 140 tipos de aves, al menos9 mam\u00edferos nativos, 9 especies marinas y 3 tipos de anfibios, varias de estas especies vulnerables o en peligro de extinci\u00f3n. Adem\u00e1s, se present\u00f3 una muestra fotogr\u00e1fica con registros de paisajes y especies del lugar. Finalmente, se realiz\u00f3 una visita guiada en los alrededores del humedal, los llanos costeros y dunas litorales. El seremi subrogante del Medio Ambiente, Sergio Troncoso, destaca que la propuesta de conservaci\u00f3n del humedal Huentelauqu\u00e9n &#8216;viene a fortalecer las actuales 5 mil hect\u00e1reas que tenemos protegidas en la Regi\u00f3n de Coquimbo, por lo tanto seria una gran ganancia tener un Sitio Ramsar y para eso el expediente ser\u00e1 la revisado por el Comit\u00e9 Nacional de Humedales que lo preside el Ministerio del Medio Ambiente y una vez listo se enviar\u00e1 a Suiza para su postulaci\u00f3n a nivel internacional\u00bb. Carlos Zuleta, acad\u00e9mico del Departamento de Biolog\u00eda de la ULS y coordinador del proyecto, explica que \u00abel humedal de Huentalauqu\u00e9n es uno de los m\u00e1s extensos de la Regi\u00f3n de Coquimbo, posee una superficie de 270 hect\u00e1reas, alberga una gran cantidad de aves migratorias y presidentes, tambi\u00e9n circunscrito a su ribera tiene sitios patrimoniales y el desarrollo de agricultura. Creo que es uno de los pocos humedales estrechamente con la parte humana y social de una comunidad\u00bb.<br \/>\nGabriela Mu\u00f1oz, presidenta de la comunidad agr\u00edcola, agradeci\u00f3 que este proyecto permiti\u00f3 ense\u00f1ar a ni\u00f1os y adultos la riqueza natural que tiene esta localidad de la Provincia del Choapa. \u00abEste trabajo tiene una importancia vital, porque los profesores nos han ense\u00f1ado la importancia que tienen los humedales en la biodiversidad, en la conservaci\u00f3n, en el mantener la tierra (&#8230;) Est\u00e1bamos faltos de informaci\u00f3n, pero hoy hemos empezado a mirar el humedal con una mirada cient\u00edfica\u00bb, expresa.<br \/>\nLa comunidad proyecta que de conseguirse la protecci\u00f3n del humedal, se abrir\u00eda una ventana para atraerla mirada hacia esta localidad de 800 habitantes. Para el alcalde de Canela, Bernardo Leyton,\u00bbeste estudio nos hace valorar la riqueza de la biodiversidad que tenernos en la comuna de Canela (&#8230;) Ahora tenemos que ver junto a la comunidad agr\u00edcola c\u00f3mo incorporamos este sitio de inter\u00e9s ambiental dentro de nuestros atractivos tur\u00edsticos\u00bb.<br \/>\nEsta ceremonia marc\u00f3 la finalizaci\u00f3n de las diversas actividades regionales conmemorativas del D\u00eda Mundial de los Humedales, cuyo tema central de este 2014 fue \u00abHumedales y Agricultura\u00bb. Al respecto, el seremi subrogante de Agricultura, Eduardo Rodr\u00edguez, plantea que este eslogan cobra sentido en Huentelaqu\u00e9n. \u00abDado que mucha poblaci\u00f3n vive de la agricultura es muy importante tener estos reservorios de agua y de biodiversidad para que esta pr\u00e1ctica sea sustentable en el tiempo\u00bb, subray\u00f3.<br \/>\nRecuadro :<br \/>\n20 millones de pesos destin\u00f3 el Fondo de Protecci\u00f3n Ambiental para el desarrollo del estudio.<\/p>\n","protected":false},"excerpt":{"rendered":"<p>El D\u00eda- La Serena, 10 de marzo de 2014. La iniciativa es parte de un proyecto de investigaci\u00f3n financiado con el Fondo de Protecci\u00f3n Ambiental del&#8230;<\/p>\n","protected":false},"author":16,"featured_media":3306,"comment_status":"open","ping_status":"open","sticky":false,"template":"","format":"standard","meta":{"footnotes":"","_links_to":"","_links_to_target":""},"categories":[395,1],"tags":[],"class_list":["post-3305","post","type-post","status-publish","format-standard","has-post-thumbnail","hentry","category-notas","category-resumen-de-prensa"],"_links":{"self":[{"href":"https:\/\/www.terram.cl\/biodiversidad\/wp-json\/wp\/v2\/posts\/3305","targetHints":{"allow":["GET"]}}],"collection":[{"href":"https:\/\/www.terram.cl\/biodiversidad\/wp-json\/wp\/v2\/posts"}],"about":[{"href":"https:\/\/www.terram.cl\/biodiversidad\/wp-json\/wp\/v2\/types\/post"}],"author":[{"embeddable":true,"href":"https:\/\/www.terram.cl\/biodiversidad\/wp-json\/wp\/v2\/users\/16"}],"replies":[{"embeddable":true,"href":"https:\/\/www.terram.cl\/biodiversidad\/wp-json\/wp\/v2\/comments?post=3305"}],"version-history":[{"count":0,"href":"https:\/\/www.terram.cl\/biodiversidad\/wp-json\/wp\/v2\/posts\/3305\/revisions"}],"wp:featuredmedia":[{"embeddable":true,"href":"https:\/\/www.terram.cl\/biodiversidad\/wp-json\/wp\/v2\/media\/3306"}],"wp:attachment":[{"href":"https:\/\/www.terram.cl\/biodiversidad\/wp-json\/wp\/v2\/media?parent=3305"}],"wp:term":[{"taxonomy":"category","embeddable":true,"href":"https:\/\/www.terram.cl\/biodiversidad\/wp-json\/wp\/v2\/categories?post=3305"},{"taxonomy":"post_tag","embeddable":true,"href":"https:\/\/www.terram.cl\/biodiversidad\/wp-json\/wp\/v2\/tags?post=3305"}],"curies":[{"name":"wp","href":"https:\/\/api.w.org\/{rel}","templated":true}]}}