{"id":3456,"date":"2014-05-23T10:55:20","date_gmt":"2014-05-23T14:55:20","guid":{"rendered":"http:\/\/www.conservacionybiodiversidad.cl\/?p=3456"},"modified":"2014-05-23T10:55:20","modified_gmt":"2014-05-23T14:55:20","slug":"panul-patrimonio-natural-y-cultural","status":"publish","type":"post","link":"https:\/\/www.terram.cl\/biodiversidad\/2014\/05\/23\/panul-patrimonio-natural-y-cultural\/","title":{"rendered":"PANUL: Patrimonio Natural y Cultural"},"content":{"rendered":"<p><a href=\"https:\/\/www.terram.cl\/biodiversidad\/wp-content\/uploads\/sites\/3\/2014\/05\/dia-del-patrimonio-panul.jpg\"><img loading=\"lazy\" decoding=\"async\" class=\"alignleft size-thumbnail wp-image-3457\" alt=\"dia del patrimonio panul\" src=\"http:\/\/www.conservacionybiodiversidad.cl\/wp-content\/uploads\/2014\/05\/dia-del-patrimonio-panul-150x150.jpg\" width=\"150\" height=\"150\" srcset=\"https:\/\/www.terram.cl\/biodiversidad\/wp-content\/uploads\/sites\/3\/2014\/05\/dia-del-patrimonio-panul-150x150.jpg 150w, https:\/\/www.terram.cl\/biodiversidad\/wp-content\/uploads\/sites\/3\/2014\/05\/dia-del-patrimonio-panul-250x250.jpg 250w, https:\/\/www.terram.cl\/biodiversidad\/wp-content\/uploads\/sites\/3\/2014\/05\/dia-del-patrimonio-panul-85x85.jpg 85w, https:\/\/www.terram.cl\/biodiversidad\/wp-content\/uploads\/sites\/3\/2014\/05\/dia-del-patrimonio-panul-350x350.jpg 350w, https:\/\/www.terram.cl\/biodiversidad\/wp-content\/uploads\/sites\/3\/2014\/05\/dia-del-patrimonio-panul-80x80.jpg 80w\" sizes=\"auto, (max-width: 150px) 100vw, 150px\" \/><\/a>El Estado de Chile celebra cada 25 de Mayo el \u00abD\u00eda del Patrimonio\u00bb, abriendo al p\u00fablico edificios hist\u00f3ricos que <strong>permanecen cerrados el resto del a\u00f1o<\/strong>. Si un Monumento Nacional pertenece a un terreno privado, <strong>el \u00bblibre acceso\u00bb es un acto voluntario por parte del propietario y no una obligaci\u00f3n<\/strong>, respaldado por la Ley 17.288 de Monumentos Nacionales, incluso en este d\u00eda. Por otra parte, <strong>el Estado solo celebra el Patrimonio Cultural, dejando de lado el Patrimonio Natural<\/strong>, y a\u00fan tambi\u00e9n dejando desprotegidos muchos Edificios Patrimoniales.<br \/>\n<!--more--><br \/>\n<strong>La Red Precordillera quiere RECUPERAR<\/strong> la importancia del Patrimonio Natural, <strong>celebrando a la NATURALEZA<\/strong> el Domingo 25 de Mayo desde las 10:00 hrs. en el Bosque Panul. Tendremos feria de organizaciones, cuerpos pintados, circo, <strong>CAMINATAS GUIADAS<\/strong> y mucho m\u00e1s!<br \/>\n&#8211; <strong>Desde las 10:00 horas en la entrada del Bosque Panul<\/strong> estaremos con un Stand Informativo y Educativo con diversas actividades para que disfrute la Familia, donde se entregar\u00e1 informaci\u00f3n sobre la Flora y Fauna Nativa, la Historia de la Matanza de Lo Ca\u00f1as, la Falla de Ram\u00f3n, el conflicto con la Inmobiliaria, el Plan Regulador Comunal y el <strong>proyecto de Parque Comunitario.<\/strong><br \/>\n&#8211; Nuestro amigo <strong>Jos\u00e9 Luis C\u00e1diz<\/strong> estar\u00e1 nuevamente mostr\u00e1ndonos su arte, haciendo <strong>Cuerpos Pintados<\/strong>, para los voluntarios y voluntarias que quieran participar.<strong><br \/>\n<\/strong><br \/>\n&#8211; Nuestro amigo <strong>Mimo Shaman<\/strong> nos regalar\u00e1 sonrisas a trav\u00e9s del <strong>Arte de la Pantomima<\/strong>.<br \/>\n&#8211; <strong>Esteban Letelier<\/strong>, voluntario de la Red Precordillera, nos har\u00e1 disfrutar de la <strong>m\u00fasica Flamenco<\/strong>.<br \/>\n&#8211; El <strong>Centro Cultural El Negro Bueno<\/strong>, perteneciente al Local y Quinta de Recreo del mismo nombre, se har\u00e1 presente. Nos contar\u00e1n de su Historia y la Amenaza de la Expropiaci\u00f3n. <strong>Lugar t\u00edpico de La Florida<\/strong>, que aportar\u00e1 el lado \u00bbguachaca\u00bb y otras sorpresas.<br \/>\n&#8211; El <strong>Centro Cultural Rojas Magallanes<\/strong> estar\u00e1 con una Muestra de <strong>\u00abCirkolog\u00eda\u00bb<\/strong> Escuela de Circo, entregando ritmo, alegr\u00eda y colores; y tambi\u00e9n nos regalar\u00e1n una presentaci\u00f3n de <strong>Danza Rapa Nui<\/strong>.<br \/>\n&#8211; <strong>Humus Chilenos<\/strong> nos hablar\u00e1 sobre <strong>lombricultura<\/strong> y<strong> recuperaci\u00f3n energ\u00e9tica del suelo<\/strong>.<br \/>\n&#8211; Durante la Jornada <strong>se regalar\u00e1n \u00c1rboles Nativos<\/strong> representativos del Bosque Escler\u00f3filo para que puedan arborizar casas y plazas de sus barrios.<br \/>\n&#8211; La Principal atracci\u00f3n de la jornada ser\u00e1n las <strong>CAMINATAS GUIADAS al Bosque Panul<\/strong>, que se realizar\u00e1n durante todo el d\u00eda, desde las 10 am y cada una hora.<br \/>\nPara ello deben <strong>inscribirse al correo <a href=\"mailto:panulcaminatas@googlegroups.com\">panulcaminatas@googlegroups.com<\/a><\/strong> y recibir\u00e1n mayor informaci\u00f3n.<br \/>\nLos cupos para la Caminata son limitados (grupos de 30 personas; m\u00e1ximo 120 personas).<br \/>\nHorarios de Salidas para Caminatas: 11:00, 12:00, 13:00 y 14:00 hrs.<\/p>\n","protected":false},"excerpt":{"rendered":"<p>El Estado de Chile celebra cada 25 de Mayo el \u00abD\u00eda del Patrimonio\u00bb, abriendo al p\u00fablico edificios hist\u00f3ricos que permanecen cerrados el resto del a\u00f1o. Si&#8230;<\/p>\n","protected":false},"author":16,"featured_media":3457,"comment_status":"open","ping_status":"open","sticky":false,"template":"","format":"standard","meta":{"footnotes":"","_links_to":"","_links_to_target":""},"categories":[52,395,1],"tags":[],"class_list":["post-3456","post","type-post","status-publish","format-standard","has-post-thumbnail","hentry","category-agenda","category-notas","category-resumen-de-prensa"],"_links":{"self":[{"href":"https:\/\/www.terram.cl\/biodiversidad\/wp-json\/wp\/v2\/posts\/3456","targetHints":{"allow":["GET"]}}],"collection":[{"href":"https:\/\/www.terram.cl\/biodiversidad\/wp-json\/wp\/v2\/posts"}],"about":[{"href":"https:\/\/www.terram.cl\/biodiversidad\/wp-json\/wp\/v2\/types\/post"}],"author":[{"embeddable":true,"href":"https:\/\/www.terram.cl\/biodiversidad\/wp-json\/wp\/v2\/users\/16"}],"replies":[{"embeddable":true,"href":"https:\/\/www.terram.cl\/biodiversidad\/wp-json\/wp\/v2\/comments?post=3456"}],"version-history":[{"count":0,"href":"https:\/\/www.terram.cl\/biodiversidad\/wp-json\/wp\/v2\/posts\/3456\/revisions"}],"wp:featuredmedia":[{"embeddable":true,"href":"https:\/\/www.terram.cl\/biodiversidad\/wp-json\/wp\/v2\/media\/3457"}],"wp:attachment":[{"href":"https:\/\/www.terram.cl\/biodiversidad\/wp-json\/wp\/v2\/media?parent=3456"}],"wp:term":[{"taxonomy":"category","embeddable":true,"href":"https:\/\/www.terram.cl\/biodiversidad\/wp-json\/wp\/v2\/categories?post=3456"},{"taxonomy":"post_tag","embeddable":true,"href":"https:\/\/www.terram.cl\/biodiversidad\/wp-json\/wp\/v2\/tags?post=3456"}],"curies":[{"name":"wp","href":"https:\/\/api.w.org\/{rel}","templated":true}]}}