{"id":3609,"date":"2014-07-14T12:25:18","date_gmt":"2014-07-14T16:25:18","guid":{"rendered":"http:\/\/www.conservacionybiodiversidad.cl\/?p=3609"},"modified":"2014-07-14T12:25:18","modified_gmt":"2014-07-14T16:25:18","slug":"servicio-de-la-biodiversidad","status":"publish","type":"post","link":"https:\/\/www.terram.cl\/biodiversidad\/2014\/07\/14\/servicio-de-la-biodiversidad\/","title":{"rendered":"Servicio de la Biodiversidad"},"content":{"rendered":"<p><a href=\"https:\/\/www.terram.cl\/biodiversidad\/wp-content\/uploads\/sites\/3\/2012\/01\/horvath.jpg\"><img loading=\"lazy\" decoding=\"async\" class=\"alignleft size-full wp-image-672\" alt=\"horvath\" src=\"https:\/\/www.terram.cl\/biodiversidad\/wp-content\/uploads\/sites\/3\/2012\/01\/horvath.jpg\" width=\"150\" height=\"107\" srcset=\"https:\/\/www.terram.cl\/biodiversidad\/wp-content\/uploads\/sites\/3\/2012\/01\/horvath.jpg 150w, https:\/\/www.terram.cl\/biodiversidad\/wp-content\/uploads\/sites\/3\/2012\/01\/horvath-50x36.jpg 50w\" sizes=\"auto, (max-width: 150px) 100vw, 150px\" \/><\/a>Columna de opini\u00f3n del Senador Antonio Horvath, publicada en Diario Estrategia el 14 de julio de 2014.<br \/>\n<!--more--><br \/>\nHemos iniciado el proceso legislativo del nuevo proyecto de ley que crea el Servicio de la Biodiversidad, incluyendo las \u00c1reas Protegidas. La creaci\u00f3n de este servicio p\u00fablico, corresponde a una obligaci\u00f3n adquirida, con motivo de la tramitaci\u00f3n de la \u00faltima modificaci\u00f3n de la Ley de Bases del Medio Ambiente.<br \/>\nEl gobierno pasado envi\u00f3 el proyecto y \u00e9ste no prosper\u00f3 en las comisiones unidas de Agricultura y Medio Ambiente, porque daba un mayor \u00e9nfasis en el sistema de concesiones y no definia en forma clara, los fondos que requer\u00eda el traspaso de personas de Conaf, que est\u00e1n a cargo del Sistema Nacional de \u00c1reas Silvestres Protegidas por el Estado y tampoco un estatuto especial para los guardaparques. Este proyecto tiene dentro de sus objetivos el limitar las concesiones, delegaciones o administraciones, a determinadas funciones o \u00e1reas, pero no a partes importantes del sistema. Adem\u00e1s se hace cargo de los problemas de valorar y recuperar la biodiversidad, tanto dentro como fuera de las \u00e1reas protegidas. Esto es de mayor relevancia, por cuanto en la porci\u00f3n terrestre de nuestro pais, el 85% del 20% de las \u00e1reas protegidas se encuentran en la Patagonia Chilena. La precariedad de la biodiversidad entre Arica y Puerto Montt,<br \/>\nes muy alta.<br \/>\nEn forma creciente se han ido evaluando social, econ\u00f3mica y ambientalmente los m\u00faltiples servicios que entregan las \u00e1reas protegidas. Por lo mismo, se hace m\u00e1s necesario avanzar en instrumentos de planificaci\u00f3n estrat\u00e9gicos como el Ordenamiento Territorial y el Manejo Integrado de Cuencas y lograr generar un balance entre las actividades productivas y de conservaci\u00f3n, que est\u00e9n bien representadas en cada comuna y regi\u00f3n del pais.<br \/>\nSiendo necesario evaluar c\u00f3mo funcionan las \u00e1reas protegidas, sumando las de iniciativa privada, redefinirlas, no puede quedar sujeto a un decreto, tiene que ser mediante ley, por cuanto son parte de Convenciones Internacionales.<\/p>\n","protected":false},"excerpt":{"rendered":"<p>Columna de opini\u00f3n del Senador Antonio Horvath, publicada en Diario Estrategia el 14 de julio de 2014.<\/p>\n","protected":false},"author":16,"featured_media":672,"comment_status":"open","ping_status":"open","sticky":false,"template":"","format":"standard","meta":{"footnotes":"","_links_to":"","_links_to_target":""},"categories":[48,1],"tags":[],"class_list":["post-3609","post","type-post","status-publish","format-standard","has-post-thumbnail","hentry","category-columnas-de-opinion","category-resumen-de-prensa"],"_links":{"self":[{"href":"https:\/\/www.terram.cl\/biodiversidad\/wp-json\/wp\/v2\/posts\/3609","targetHints":{"allow":["GET"]}}],"collection":[{"href":"https:\/\/www.terram.cl\/biodiversidad\/wp-json\/wp\/v2\/posts"}],"about":[{"href":"https:\/\/www.terram.cl\/biodiversidad\/wp-json\/wp\/v2\/types\/post"}],"author":[{"embeddable":true,"href":"https:\/\/www.terram.cl\/biodiversidad\/wp-json\/wp\/v2\/users\/16"}],"replies":[{"embeddable":true,"href":"https:\/\/www.terram.cl\/biodiversidad\/wp-json\/wp\/v2\/comments?post=3609"}],"version-history":[{"count":0,"href":"https:\/\/www.terram.cl\/biodiversidad\/wp-json\/wp\/v2\/posts\/3609\/revisions"}],"wp:featuredmedia":[{"embeddable":true,"href":"https:\/\/www.terram.cl\/biodiversidad\/wp-json\/wp\/v2\/media\/672"}],"wp:attachment":[{"href":"https:\/\/www.terram.cl\/biodiversidad\/wp-json\/wp\/v2\/media?parent=3609"}],"wp:term":[{"taxonomy":"category","embeddable":true,"href":"https:\/\/www.terram.cl\/biodiversidad\/wp-json\/wp\/v2\/categories?post=3609"},{"taxonomy":"post_tag","embeddable":true,"href":"https:\/\/www.terram.cl\/biodiversidad\/wp-json\/wp\/v2\/tags?post=3609"}],"curies":[{"name":"wp","href":"https:\/\/api.w.org\/{rel}","templated":true}]}}