{"id":3814,"date":"2014-09-12T18:17:36","date_gmt":"2014-09-12T22:17:36","guid":{"rendered":"http:\/\/www.conservacionybiodiversidad.cl\/?p=3814"},"modified":"2014-09-12T18:17:36","modified_gmt":"2014-09-12T22:17:36","slug":"proteger-la-biodiversidad-un-tema-complejo","status":"publish","type":"post","link":"https:\/\/www.terram.cl\/biodiversidad\/2014\/09\/12\/proteger-la-biodiversidad-un-tema-complejo\/","title":{"rendered":"Proteger la biodiversidad, un tema complejo"},"content":{"rendered":"<p><a href=\"https:\/\/www.terram.cl\/biodiversidad\/wp-content\/uploads\/sites\/3\/2012\/01\/flavia_liberona_cespedes_2008.jpg\"><img loading=\"lazy\" decoding=\"async\" class=\"alignleft size-full wp-image-679\" alt=\"flavia_liberona_cespedes_2008\" src=\"https:\/\/www.terram.cl\/biodiversidad\/wp-content\/uploads\/sites\/3\/2012\/01\/flavia_liberona_cespedes_2008.jpg\" width=\"150\" height=\"134\" srcset=\"https:\/\/www.terram.cl\/biodiversidad\/wp-content\/uploads\/sites\/3\/2012\/01\/flavia_liberona_cespedes_2008.jpg 150w, https:\/\/www.terram.cl\/biodiversidad\/wp-content\/uploads\/sites\/3\/2012\/01\/flavia_liberona_cespedes_2008-50x45.jpg 50w, https:\/\/www.terram.cl\/biodiversidad\/wp-content\/uploads\/sites\/3\/2012\/01\/flavia_liberona_cespedes_2008-134x120.jpg 134w\" sizes=\"auto, (max-width: 150px) 100vw, 150px\" \/><\/a>Columna opini\u00f3n de Flavia Liberona Directora de Terram publicada en portal El Dinamo el 10 de septiembre 2014.<br \/>\n<!--more--><br \/>\nEn alguna parte de nuestro ser entendemos y apreciamos la biodiversidad, aunque no la llamemos por este nombre. La existencia de paisajes, \u00e1rboles milenarios, p\u00e1jaros, ballenas, insectos incre\u00edbles, nos provoca. Por ello, a veces parece m\u00e1s adecuado ocupar el t\u00e9rmino \u201cnaturaleza\u201d, aunque no significa exactamente lo mismo.<br \/>\nUno de los compromisos del Programa de gobierno de la Presidenta Bachelet, era enviar al Parlamento durante los primeros 100 d\u00edas de su mandato un proyecto de Ley para crear el Servicio de Biodiversidad y \u00c1reas Protegidas. Podemos decir que la presidenta cumpli\u00f3. La iniciativa legal actualmente se encuentra radicada en la Comisi\u00f3n de Medio Ambiente del Senado para su conocimiento y an\u00e1lisis.<br \/>\nSin embargo, este es s\u00f3lo un primer paso ya que ahora comienza la parte compleja de un proyecto as\u00ed; \u00bfC\u00f3mo hacer que una iniciativa de este tipo sea aprobada por el Parlamento? M\u00e1s a\u00fan cuando \u00e9ste es un tema que pareciera ser poco atractivo para el gobierno y los legisladores. A esto se suma que la iniciativa presentada por el ejecutivo aborda temas que pueden ser considerados no menores. Temas como la creaci\u00f3n de un servicio p\u00fablico, fomentar acciones para resguardar la biodiversidad y crear un sistema de \u00e1reas protegidas, son altamente complejos, sobre todo si es en un s\u00f3lo proyecto. Pero la complejidad es a\u00fan mayor cuando nos damos cuenta que un proyecto de ley de estas caracter\u00edsticas pareciera no tener v\u00ednculo con las preocupaciones y demandas de la ciudadan\u00eda que se encuentran hoy en la agenda p\u00fablica, aunque esto no sea completamente cierto.<br \/>\nEntonces surgen un sin n\u00famero de preguntas \u00bfQu\u00e9 es la biodiversidad?, \u00bfPor qu\u00e9 hay que crear un servicio p\u00fablico? \u00bfQu\u00e9 significa proteger la biodiversidad? \u00bfQu\u00e9 implicancias tiene la biodiversidad y su protecci\u00f3n para el pa\u00eds y la vida cotidiana de cada habitante del territorio nacional?<br \/>\nLas respuestas no son simples y requieren de cierto nivel de conocimiento, que muchas veces no est\u00e1 presente en la discusi\u00f3n parlamentaria. Pero lo que s\u00ed es evidente y claro, es que la mayor\u00eda de las personas con o sin conocimientos cient\u00edficos, t\u00e9cnicos y\/o de pol\u00edtica p\u00fablica, se emociona y tiene sentimientos ante las bellas im\u00e1genes de paisajes naturales, sean estos mar, lagos, r\u00edos, bosques, desierto, monta\u00f1as, etc., tambi\u00e9n ocurre lo mismo cuando observamos plantas, animales u hongos. Algo nos maravilla, algo nos conmueve y no queremos que esa vida y esos paisajes desaparezcan o se transformen. Sin lugar a dudas a todas las personas la naturaleza nos provoca algo. Basta recordar las razones del rechazo ciudadano al proyecto Barrancones en Punta Choros.<br \/>\nEn alguna parte de nuestro ser entendemos y apreciamos la biodiversidad, aunque no la llamemos por este nombre. La existencia de paisajes, \u00e1rboles milenarios, p\u00e1jaros, ballenas, insectos incre\u00edbles, nos provoca. Por ello, a veces parece m\u00e1s adecuado ocupar el t\u00e9rmino \u201cnaturaleza\u201d, aunque no significa exactamente lo mismo que biodiversidad, pero ambos tienen algo en com\u00fan y es que estamos hablando de diversas formas de vida. En t\u00e9rminos concretos biodiversidad, es la diversidad de la vida expresada en ecosistemas, especies y genes. Es decir, la variedad de formas de vida que habitan en el planeta. Pero \u00bfpor qu\u00e9 debemos resguardarlos?, las razones son m\u00faltiples, pero tal vez una de las m\u00e1s simples y sencillas, es que nosotros somos parte de esa vida, pero a la vez dependemos de la vida de otras especies, simplemente la necesitamos para seguir existiendo, ya sea porque esta nos provee de alimentos, fibras, combustibles, agua, oxigeno, etc.<br \/>\nNo comprender nuestra dependencia de otras formas de vida, es parte de la arrogancia humana que nos ha llevado hasta donde estamos como planeta. Es decir, con problemas globales de cambio clim\u00e1tico, p\u00e9rdida de biodiversidad, contaminaci\u00f3n de aguas, etc.<br \/>\nAhora, si nos enfocamos s\u00f3lo en Chile hay cosas que debemos tener presente cuando se discuta en el Parlamento el proyecto de ley presentado por el ejecutivo. La primera de ellas es que nuestro pa\u00eds tiene condiciones de isla geogr\u00e1fica, lo que ha permitido el desarrollo de ecosistemas y especies \u00fanicos para el planeta y por tanto, el pa\u00eds tiene una responsabilidad en mantenerlos. Lo segundo es que no podemos pensar el pa\u00eds como un territorio que debe ser \u201cexplotado\u201d, extrayendo peces, bosques o minerales para generar empleo o en realidad riquezas a unos pocos en el corto plazo, esto se contradice con el concepto de sustentabilidad. Esta forma de pensar nos deja encerrados en un modelo productivo extractivista, exportador de recursos naturales, que no le otorga ning\u00fan valor a la biodiversidad, a las econom\u00edas locales, a la cultura y tradiciones que existen en distintas partes de Chile.<br \/>\nEsa forma de pensar y ver el pa\u00eds como una caja de donde podemos sacar, sacar y sacar, evidentemente percibe que cualquier iniciativa que tenga como prop\u00f3sito proteger el patrimonio natural de Chile, ya sea entendida \u00e9sta como naturaleza, biodiversidad, aguas, glaciares, etc., es una limitante para seguir sacando y sacando. Claramente lo que esperamos respecto del proyecto de ley que en los pr\u00f3ximos meses se discutir\u00e1 en el Parlamento, es que los tomadores de decisiones entiendan las implicancias de ver y planificar el pa\u00eds como un territorio donde se puede extraer todo lo que se quiera sin consecuencias, pues la evidencia demuestra que no es as\u00ed.<br \/>\nConsiderar las caracter\u00edsticas geogr\u00e1ficas, climatol\u00f3gicas y ecol\u00f3gicas de nuestro pa\u00eds, es imperativo para que de verdad valoremos lo que tenemos. Y que cuando sea la hora de legislar, quienes est\u00e1n a cargo de sacar adelante este proyecto (Ejecutivo y Parlamento), dejen de lado su mirada cortoplacista y piensen que est\u00e1n tomando decisiones que no son f\u00e1ciles de revertir, pues la destrucci\u00f3n de ecosistemas, perdida de especies y genes, no se recupera por actos administrativos, voluntad pol\u00edtica o una nueva ley.<\/p>\n","protected":false},"excerpt":{"rendered":"<p>Columna opini\u00f3n de Flavia Liberona Directora de Terram publicada en portal El Dinamo el 10 de septiembre 2014.<\/p>\n","protected":false},"author":16,"featured_media":679,"comment_status":"open","ping_status":"open","sticky":false,"template":"","format":"standard","meta":{"footnotes":"","_links_to":"","_links_to_target":""},"categories":[48,395,1],"tags":[],"class_list":["post-3814","post","type-post","status-publish","format-standard","has-post-thumbnail","hentry","category-columnas-de-opinion","category-notas","category-resumen-de-prensa"],"_links":{"self":[{"href":"https:\/\/www.terram.cl\/biodiversidad\/wp-json\/wp\/v2\/posts\/3814","targetHints":{"allow":["GET"]}}],"collection":[{"href":"https:\/\/www.terram.cl\/biodiversidad\/wp-json\/wp\/v2\/posts"}],"about":[{"href":"https:\/\/www.terram.cl\/biodiversidad\/wp-json\/wp\/v2\/types\/post"}],"author":[{"embeddable":true,"href":"https:\/\/www.terram.cl\/biodiversidad\/wp-json\/wp\/v2\/users\/16"}],"replies":[{"embeddable":true,"href":"https:\/\/www.terram.cl\/biodiversidad\/wp-json\/wp\/v2\/comments?post=3814"}],"version-history":[{"count":0,"href":"https:\/\/www.terram.cl\/biodiversidad\/wp-json\/wp\/v2\/posts\/3814\/revisions"}],"wp:featuredmedia":[{"embeddable":true,"href":"https:\/\/www.terram.cl\/biodiversidad\/wp-json\/wp\/v2\/media\/679"}],"wp:attachment":[{"href":"https:\/\/www.terram.cl\/biodiversidad\/wp-json\/wp\/v2\/media?parent=3814"}],"wp:term":[{"taxonomy":"category","embeddable":true,"href":"https:\/\/www.terram.cl\/biodiversidad\/wp-json\/wp\/v2\/categories?post=3814"},{"taxonomy":"post_tag","embeddable":true,"href":"https:\/\/www.terram.cl\/biodiversidad\/wp-json\/wp\/v2\/tags?post=3814"}],"curies":[{"name":"wp","href":"https:\/\/api.w.org\/{rel}","templated":true}]}}