{"id":3953,"date":"2014-11-21T19:46:20","date_gmt":"2014-11-21T22:46:20","guid":{"rendered":"http:\/\/www.conservacionybiodiversidad.cl\/?p=3953"},"modified":"2014-11-21T19:46:20","modified_gmt":"2014-11-21T22:46:20","slug":"los-glaciares-se-derriten-mientras-esperamos-una-ley-que-los-proteja","status":"publish","type":"post","link":"https:\/\/www.terram.cl\/biodiversidad\/2014\/11\/21\/los-glaciares-se-derriten-mientras-esperamos-una-ley-que-los-proteja\/","title":{"rendered":"Los glaciares se derriten mientras esperamos una ley que los proteja"},"content":{"rendered":"<p><a href=\"https:\/\/www.terram.cl\/biodiversidad\/wp-content\/uploads\/sites\/3\/2014\/11\/glaciar-2.jpg\"><img loading=\"lazy\" decoding=\"async\" class=\"alignleft size-thumbnail wp-image-3954\" alt=\"glaciar 2\" src=\"http:\/\/www.conservacionybiodiversidad.cl\/wp-content\/uploads\/2014\/11\/glaciar-2-150x150.jpg\" width=\"150\" height=\"150\" srcset=\"https:\/\/www.terram.cl\/biodiversidad\/wp-content\/uploads\/sites\/3\/2014\/11\/glaciar-2-150x150.jpg 150w, https:\/\/www.terram.cl\/biodiversidad\/wp-content\/uploads\/sites\/3\/2014\/11\/glaciar-2-250x250.jpg 250w, https:\/\/www.terram.cl\/biodiversidad\/wp-content\/uploads\/sites\/3\/2014\/11\/glaciar-2-85x85.jpg 85w, https:\/\/www.terram.cl\/biodiversidad\/wp-content\/uploads\/sites\/3\/2014\/11\/glaciar-2-80x80.jpg 80w\" sizes=\"auto, (max-width: 150px) 100vw, 150px\" \/><\/a>Columna opini\u00f3n de Javiera Espinoza Ge\u00f3grafa de Fundaci\u00f3n Terram, publicada en portal El Desconcierto 12 de noviembre 2014.<br \/>\n<!--more--><br \/>\n\u00bfCu\u00e1les son las razones de la demora del gobierno? La respuesta es evidente: si \u00e9ste es un texto legal que efectivamente busca \u201cproteger\u201d los glaciares, impidiendo toda actividad industrial sobre ellos, los poderes econ\u00f3micos que pueden sentirse afectados est\u00e1n haciendo su trabajo.<br \/>\nEn mayo de este a\u00f1o, el diputado Daniel Melo lidero un grupo de 10 parlamentarios -de distintas tendencias pol\u00edticas- que ingresaron a la C\u00e1mara de Diputados un proyecto de ley que busca proteger los glaciares. Unos d\u00edas despu\u00e9s, en el discurso del 21 de mayo, la Presidenta Bachelet en su cuenta p\u00fabica dirigi\u00e9ndose a todo el pa\u00eds, se compromet\u00eda a proteger los glaciares. De eso han pasado ya 6 meses y el proyecto de Ley liderado por Melo yace \u201ccongelado\u201d, dado que se est\u00e1 a la espera de que el Gobierno ingrese sus indicaciones al Proyecto de Ley a esta iniciativa legal.<br \/>\nDespu\u00e9s de m\u00faltiples reuniones, al parecer el gobierno decidi\u00f3 apoyar \u201cen parte\u201d el proyecto de Melo. Sin embargo, a la fecha a\u00fan esperamos ese compromiso: al parecer el Gobierno no ha hecho su trabajo. En Fundaci\u00f3n Terram nos preguntamos \u00bfCu\u00e1les son las razones de la demora del gobierno? \u00bfPor qu\u00e9 los diputados que suscribieron el proyecto y forman parte de la \u201cBancada Glaciar\u201d no est\u00e1n presionando al gobierno? \u00bfO es que este proyecto de ley se encuentra cuestionado\/paralizado por el sector minero? La respuesta es evidente: si \u00e9ste es un texto legal que efectivamente busca \u201cproteger\u201d los glaciares, impidiendo toda actividad industrial sobre ellos, los poderes econ\u00f3micos que pueden sentirse afectados est\u00e1n haciendo su trabajo.<br \/>\nEs preocupante que nuestro Estado no tome conciencia de lo que significan los glaciares en t\u00e9rminos estrat\u00e9gicos para el pa\u00eds. En un mundo con una creciente falta de disponibilidad de agua para consumo humano, Chile es un beneficiado por tener estas reservas de agua en estado s\u00f3lido que en tiempos de ausencia de lluvias o a\u00f1os calurosos, nos aportan con agua para esos periodos cr\u00edticos. Pero nuestras autoridades parece que no saben esto.<br \/>\nMientras pasa el tiempo, los glaciares siguen ah\u00ed, sobre la cordillera, vulnerables a que proyectos de inversi\u00f3n minera quieran instalarse sobre ellos, m\u00e1s a\u00fan si el Gobierno anuncia medidas que buscan destrabar proyectos de inversi\u00f3n para aumentar las cifras econ\u00f3micas reimpulsando la miner\u00eda y flexibilizando los bajos est\u00e1ndares ambientales. Es preocupante que nuestro Estado no tome conciencia de lo que significan los glaciares en t\u00e9rminos estrat\u00e9gicos para el pa\u00eds. En un mundo con una creciente falta de disponibilidad de agua para consumo humano, Chile es un beneficiado por tener estas reservas de agua en estado s\u00f3lido que en tiempos de ausencia de lluvias o a\u00f1os calurosos, nos aportan con agua para esos periodos cr\u00edticos. Pero nuestras autoridades parece que no saben esto.<br \/>\nLa semana pasada, el Panel Intergubernamental de Expertos sobre Cambio Clim\u00e1tico (IPCC) entreg\u00f3 su Informe de S\u00edntesis y sus resultados son cr\u00edticos. La preocupaci\u00f3n radica en el evidente aumento de temperatura global y c\u00f3mo esta, est\u00e1 causando el calentamiento del permafrost y el deshielo de los glaciares (IPCC 2014), lo que impacta en la regulaci\u00f3n del clima, como tambi\u00e9n en la disponibilidad de agua y aumento del nivel del mar, entre otros aspectos. Nuestro pa\u00eds se encuentra con un periodo de sequ\u00eda donde en t\u00e9rminos de precipitaciones, Punta Arenas tiene d\u00e9ficit de un 25%, Santiago del 35%, Valpara\u00edso del 16% por mencionar algunas ciudades. Ante esto, los glaciares son las reservas que nos permiten enfrentar esta situaci\u00f3n de los venideros meses estivales, sin embargo, hoy no existe herramienta legal que los proteja de su destrucci\u00f3n.<br \/>\nPara el mes de diciembre, nuestro pa\u00eds se comprometi\u00f3 en entregar de manera voluntaria a enfrentar el Cambio Clim\u00e1tico. Consideramos que esto tambi\u00e9n pasa por proteger los glaciares hoy. Evitar cualquier actividad que los destruya remueva e incluso traslade debe de ser prohibida en pro de las comunidades, ecosistemas y aquellas actividades que necesitan de agua para su abastecimiento. Adem\u00e1s la existencia de glaciares es una forma de aportar a la regulaci\u00f3n del clima.<br \/>\nUna Ley de Glaciares puede ser uno de los pilares fundamentales en estos compromisos\/contribuciones de Chile, como tambi\u00e9n, uno de los hitos que busque liderazgo en la regi\u00f3n junto a pa\u00edses vecinos que tambi\u00e9n tienen que comprometer acciones ante la amenaza del Cambio Clim\u00e1tico. Entre los pa\u00edses que poseen glaciares est\u00e1n Venezuela, Ecuador, Per\u00fa, Argentina y Bolivia. En todos los pa\u00edses los glaciares prestan servicios ecosist\u00e9micos y deber\u00edan de estar protegidos como medida regional que demuestre compromiso en materia internacional.<br \/>\nEsta es una oportunidad de liderazgo para Chile, sin embargo la presidenta Bachelet no mencion\u00f3 el tema en su discurso para la Cumbre del Clima de la ONU celebrada en el mes de septiembre en New York. A\u00fan as\u00ed, los glaciares son uno de los \u00edconos geogr\u00e1ficos y pol\u00edticos de la regi\u00f3n que puede llevarnos a tomar el liderazgo en materia ambiental y de Cambio Clim\u00e1tico. Esperamos que para diciembre pr\u00f3ximo en la Conferencia de Las Partes que se celebra bajo el Convenio Marco de las Naciones Unidas sobre Cambio Clim\u00e1tico que se realizar\u00e1 en Lima, Chile pueda dar la buena noticia al mundo que sus glaciares estar\u00e1n verdaderamente protegidos.<\/p>\n","protected":false},"excerpt":{"rendered":"<p>Columna opini\u00f3n de Javiera Espinoza Ge\u00f3grafa de Fundaci\u00f3n Terram, publicada en portal El Desconcierto 12 de noviembre 2014.<\/p>\n","protected":false},"author":16,"featured_media":3954,"comment_status":"open","ping_status":"open","sticky":false,"template":"","format":"standard","meta":{"footnotes":"","_links_to":"","_links_to_target":""},"categories":[48,1],"tags":[],"class_list":["post-3953","post","type-post","status-publish","format-standard","has-post-thumbnail","hentry","category-columnas-de-opinion","category-resumen-de-prensa"],"_links":{"self":[{"href":"https:\/\/www.terram.cl\/biodiversidad\/wp-json\/wp\/v2\/posts\/3953","targetHints":{"allow":["GET"]}}],"collection":[{"href":"https:\/\/www.terram.cl\/biodiversidad\/wp-json\/wp\/v2\/posts"}],"about":[{"href":"https:\/\/www.terram.cl\/biodiversidad\/wp-json\/wp\/v2\/types\/post"}],"author":[{"embeddable":true,"href":"https:\/\/www.terram.cl\/biodiversidad\/wp-json\/wp\/v2\/users\/16"}],"replies":[{"embeddable":true,"href":"https:\/\/www.terram.cl\/biodiversidad\/wp-json\/wp\/v2\/comments?post=3953"}],"version-history":[{"count":0,"href":"https:\/\/www.terram.cl\/biodiversidad\/wp-json\/wp\/v2\/posts\/3953\/revisions"}],"wp:featuredmedia":[{"embeddable":true,"href":"https:\/\/www.terram.cl\/biodiversidad\/wp-json\/wp\/v2\/media\/3954"}],"wp:attachment":[{"href":"https:\/\/www.terram.cl\/biodiversidad\/wp-json\/wp\/v2\/media?parent=3953"}],"wp:term":[{"taxonomy":"category","embeddable":true,"href":"https:\/\/www.terram.cl\/biodiversidad\/wp-json\/wp\/v2\/categories?post=3953"},{"taxonomy":"post_tag","embeddable":true,"href":"https:\/\/www.terram.cl\/biodiversidad\/wp-json\/wp\/v2\/tags?post=3953"}],"curies":[{"name":"wp","href":"https:\/\/api.w.org\/{rel}","templated":true}]}}