{"id":4619,"date":"2016-07-20T11:44:33","date_gmt":"2016-07-20T15:44:33","guid":{"rendered":"http:\/\/www.conservacionybiodiversidad.cl\/?p=4619"},"modified":"2016-07-20T11:44:33","modified_gmt":"2016-07-20T15:44:33","slug":"4619","status":"publish","type":"post","link":"https:\/\/www.terram.cl\/biodiversidad\/2016\/07\/20\/4619\/","title":{"rendered":"Eriosyce subgibbosa o &quot;Quisquito rosado&quot;"},"content":{"rendered":"<p><strong>Nombre com\u00fan:<\/strong><br \/>\nQuisquito, Quisquito rosado,<br \/>\nCacto rosado<br \/>\n<strong>Nombre cient\u00edfico:<\/strong><br \/>\nEriosyce subgibbosa<br \/>\n(Haw.) Katt.<br \/>\n<strong>Sin\u00f3nimo:<\/strong><br \/>\nNeoporteria subgibbosa<br \/>\n<strong>Familia:<\/strong><br \/>\nCactaceae<br \/>\n<strong>Descripci\u00f3n:<\/strong><br \/>\nPlanta de cuerpo globoso a cortamente columnar, solitario o rara vez ramificado desde la base, con una serie de subespecies variedades seg\u00fan su distribuci\u00f3n. De 10 a 25 cm de di\u00e1metro, hasta 1 metro de altura, 14 a 25 costillas con gibas o mamillas notorias.<br \/>\nEspinas 16- 30 alrededor de las are\u00f3las, 1 a 16 centrales, de 1 a 5 cm de largo, cubriendo densamente el tallo. Flores tubulares rosadas, de entre 2,5 a 7 cm dependiendo de la variedad, con los t\u00e9palos internos cubriendo los estambres. Floraci\u00f3n primaveral, oto\u00f1al en algunas formas nortinas.<br \/>\nFrutos cil\u00edndricos de 1,3 a 5 cm de largo, huecos, con numerosas semillas peque\u00f1as que son liberadas por un poro en la base del fruto.<br \/>\n\n\t\t\t<style type='text\/css'>\n\t\t\t\t#sc_gallery-1 {\n\t\t\t\t\tmargin: auto;\n\t\t\t\t}\n\t\t\t\t#sc_gallery-1 .gallery-item {\n\t\t\t\t\tfloat: left;\n\t\t\t\t\tmargin-top: 10px;\n\t\t\t\t\ttext-align: center;\n\t\t\t\t\twidth: 33.33%;\n\t\t\t\t}\n\t\t\t\t#sc_gallery-1 img {\n\t\t\t\t\tborder: 2px solid #cfcfcf;\n\t\t\t\t}\n\t\t\t\t#sc_gallery-1 .gallery-caption {\n\t\t\t\t\tmargin-left: 0;\n\t\t\t\t}\n\t\t\t\t\/* see sc_gallery() in functions\/theme-shortcodes.php *\/\n\t\t\t<\/style>\n\t\t<div id='sc_gallery-1' class='gallery galleryid-4619 gallery-columns-3 gallery-size-thumbnail '><dl class='gallery-item'>\n\t\t\t\t<dt class='gallery-icon landscape'>\n\t\t\t\t\t<a href='https:\/\/www.terram.cl\/biodiversidad\/2016\/07\/20\/4619\/attachment\/1\/'><img loading=\"lazy\" decoding=\"async\" width=\"150\" height=\"150\" src=\"https:\/\/www.terram.cl\/biodiversidad\/wp-content\/uploads\/sites\/3\/2016\/07\/1-150x150.jpg\" class=\"attachment-thumbnail size-thumbnail\" alt=\"\" srcset=\"https:\/\/www.terram.cl\/biodiversidad\/wp-content\/uploads\/sites\/3\/2016\/07\/1-150x150.jpg 150w, https:\/\/www.terram.cl\/biodiversidad\/wp-content\/uploads\/sites\/3\/2016\/07\/1-250x250.jpg 250w, https:\/\/www.terram.cl\/biodiversidad\/wp-content\/uploads\/sites\/3\/2016\/07\/1-85x85.jpg 85w, https:\/\/www.terram.cl\/biodiversidad\/wp-content\/uploads\/sites\/3\/2016\/07\/1-350x350.jpg 350w, https:\/\/www.terram.cl\/biodiversidad\/wp-content\/uploads\/sites\/3\/2016\/07\/1-80x80.jpg 80w\" sizes=\"auto, (max-width: 150px) 100vw, 150px\" \/><\/a>\n\t\t\t\t<\/dt><\/dl><dl class='gallery-item'>\n\t\t\t\t<dt class='gallery-icon landscape'>\n\t\t\t\t\t<a href='https:\/\/www.terram.cl\/biodiversidad\/2016\/07\/20\/4619\/attachment\/2\/'><img loading=\"lazy\" decoding=\"async\" width=\"150\" height=\"150\" src=\"https:\/\/www.terram.cl\/biodiversidad\/wp-content\/uploads\/sites\/3\/2016\/07\/2-150x150.jpg\" class=\"attachment-thumbnail size-thumbnail\" alt=\"\" srcset=\"https:\/\/www.terram.cl\/biodiversidad\/wp-content\/uploads\/sites\/3\/2016\/07\/2-150x150.jpg 150w, https:\/\/www.terram.cl\/biodiversidad\/wp-content\/uploads\/sites\/3\/2016\/07\/2-250x250.jpg 250w, https:\/\/www.terram.cl\/biodiversidad\/wp-content\/uploads\/sites\/3\/2016\/07\/2-85x85.jpg 85w, https:\/\/www.terram.cl\/biodiversidad\/wp-content\/uploads\/sites\/3\/2016\/07\/2-350x350.jpg 350w, https:\/\/www.terram.cl\/biodiversidad\/wp-content\/uploads\/sites\/3\/2016\/07\/2-80x80.jpg 80w\" sizes=\"auto, (max-width: 150px) 100vw, 150px\" \/><\/a>\n\t\t\t\t<\/dt><\/dl><dl class='gallery-item'>\n\t\t\t\t<dt class='gallery-icon landscape'>\n\t\t\t\t\t<a href='https:\/\/www.terram.cl\/biodiversidad\/2016\/07\/20\/4619\/attachment\/3\/'><img loading=\"lazy\" decoding=\"async\" width=\"150\" height=\"150\" src=\"https:\/\/www.terram.cl\/biodiversidad\/wp-content\/uploads\/sites\/3\/2016\/07\/3-150x150.jpg\" class=\"attachment-thumbnail size-thumbnail\" alt=\"\" srcset=\"https:\/\/www.terram.cl\/biodiversidad\/wp-content\/uploads\/sites\/3\/2016\/07\/3-150x150.jpg 150w, https:\/\/www.terram.cl\/biodiversidad\/wp-content\/uploads\/sites\/3\/2016\/07\/3-300x300.jpg 300w, https:\/\/www.terram.cl\/biodiversidad\/wp-content\/uploads\/sites\/3\/2016\/07\/3-768x768.jpg 768w, https:\/\/www.terram.cl\/biodiversidad\/wp-content\/uploads\/sites\/3\/2016\/07\/3-250x250.jpg 250w, https:\/\/www.terram.cl\/biodiversidad\/wp-content\/uploads\/sites\/3\/2016\/07\/3-146x146.jpg 146w, https:\/\/www.terram.cl\/biodiversidad\/wp-content\/uploads\/sites\/3\/2016\/07\/3-50x50.jpg 50w, https:\/\/www.terram.cl\/biodiversidad\/wp-content\/uploads\/sites\/3\/2016\/07\/3-120x120.jpg 120w, https:\/\/www.terram.cl\/biodiversidad\/wp-content\/uploads\/sites\/3\/2016\/07\/3-85x85.jpg 85w, https:\/\/www.terram.cl\/biodiversidad\/wp-content\/uploads\/sites\/3\/2016\/07\/3-350x350.jpg 350w, https:\/\/www.terram.cl\/biodiversidad\/wp-content\/uploads\/sites\/3\/2016\/07\/3-80x80.jpg 80w, https:\/\/www.terram.cl\/biodiversidad\/wp-content\/uploads\/sites\/3\/2016\/07\/3.jpg 780w\" sizes=\"auto, (max-width: 150px) 100vw, 150px\" \/><\/a>\n\t\t\t\t<\/dt><\/dl><br style=\"clear: both\" \/>\n\t\t\t<\/div>\n<br \/>\n<strong>Distribuci\u00f3n natural y h\u00e1bitat:<\/strong><br \/>\nEriosyce subgibbosa crece en forma natural desde la Regi\u00f3n de Atacama (Vallenar) hasta la Regi\u00f3n del B\u00edo B\u00edo (Hualp\u00e9n) y su h\u00e1bitat est\u00e1 conformado por acantilados costeros y cerros interiores con influencia marina.<br \/>\nLa distribuci\u00f3n del cactus Eriosyce curvispina se aprecia en los pol\u00edgonos verdes de la siguiente imagen. Al hacer clic en \u00e9l, se abrir\u00e1 una nueva p\u00e1gina con un mapa interactivo en formato de Google Maps, para ver detalles de las zonas con distribuci\u00f3n natural de la especie:<br \/>\n<a href=\"https:\/\/www.terram.cl\/biodiversidad\/wp-content\/uploads\/sites\/3\/2016\/07\/eriosyce_subgibbosa_map.jpg\"><img loading=\"lazy\" decoding=\"async\" class=\"alignnone wp-image-4622 size-full\" src=\"https:\/\/www.terram.cl\/biodiversidad\/wp-content\/uploads\/sites\/3\/2016\/07\/eriosyce_subgibbosa_map.jpg\" alt=\"eriosyce_subgibbosa_map\" width=\"600\" height=\"425\" srcset=\"https:\/\/www.terram.cl\/biodiversidad\/wp-content\/uploads\/sites\/3\/2016\/07\/eriosyce_subgibbosa_map.jpg 600w, https:\/\/www.terram.cl\/biodiversidad\/wp-content\/uploads\/sites\/3\/2016\/07\/eriosyce_subgibbosa_map-300x213.jpg 300w, https:\/\/www.terram.cl\/biodiversidad\/wp-content\/uploads\/sites\/3\/2016\/07\/eriosyce_subgibbosa_map-206x146.jpg 206w, https:\/\/www.terram.cl\/biodiversidad\/wp-content\/uploads\/sites\/3\/2016\/07\/eriosyce_subgibbosa_map-50x35.jpg 50w, https:\/\/www.terram.cl\/biodiversidad\/wp-content\/uploads\/sites\/3\/2016\/07\/eriosyce_subgibbosa_map-169x120.jpg 169w\" sizes=\"auto, (max-width: 600px) 100vw, 600px\" \/><\/a><br \/>\n<a href=\"http:\/\/www.chilebosque.cl\/shrb\/eriosyce_subgibbosa.html\">Fuente: Chile Bosque<\/a><\/p>\n","protected":false},"excerpt":{"rendered":"<p>Nombre com\u00fan: Quisquito, Quisquito rosado, Cacto rosado Nombre cient\u00edfico: Eriosyce subgibbosa (Haw.) Katt. Sin\u00f3nimo: Neoporteria subgibbosa Familia: Cactaceae Descripci\u00f3n: Planta de cuerpo globoso a cortamente columnar,&#8230;<\/p>\n","protected":false},"author":16,"featured_media":4626,"comment_status":"open","ping_status":"open","sticky":false,"template":"","format":"standard","meta":{"footnotes":"","_links_to":"","_links_to_target":""},"categories":[395,1],"tags":[],"class_list":["post-4619","post","type-post","status-publish","format-standard","has-post-thumbnail","hentry","category-notas","category-resumen-de-prensa"],"_links":{"self":[{"href":"https:\/\/www.terram.cl\/biodiversidad\/wp-json\/wp\/v2\/posts\/4619","targetHints":{"allow":["GET"]}}],"collection":[{"href":"https:\/\/www.terram.cl\/biodiversidad\/wp-json\/wp\/v2\/posts"}],"about":[{"href":"https:\/\/www.terram.cl\/biodiversidad\/wp-json\/wp\/v2\/types\/post"}],"author":[{"embeddable":true,"href":"https:\/\/www.terram.cl\/biodiversidad\/wp-json\/wp\/v2\/users\/16"}],"replies":[{"embeddable":true,"href":"https:\/\/www.terram.cl\/biodiversidad\/wp-json\/wp\/v2\/comments?post=4619"}],"version-history":[{"count":0,"href":"https:\/\/www.terram.cl\/biodiversidad\/wp-json\/wp\/v2\/posts\/4619\/revisions"}],"wp:featuredmedia":[{"embeddable":true,"href":"https:\/\/www.terram.cl\/biodiversidad\/wp-json\/wp\/v2\/media\/4626"}],"wp:attachment":[{"href":"https:\/\/www.terram.cl\/biodiversidad\/wp-json\/wp\/v2\/media?parent=4619"}],"wp:term":[{"taxonomy":"category","embeddable":true,"href":"https:\/\/www.terram.cl\/biodiversidad\/wp-json\/wp\/v2\/categories?post=4619"},{"taxonomy":"post_tag","embeddable":true,"href":"https:\/\/www.terram.cl\/biodiversidad\/wp-json\/wp\/v2\/tags?post=4619"}],"curies":[{"name":"wp","href":"https:\/\/api.w.org\/{rel}","templated":true}]}}