{"id":6105,"date":"2017-10-20T11:43:39","date_gmt":"2017-10-20T14:43:39","guid":{"rendered":"http:\/\/www.conservacionybiodiversidad.cl\/?p=6105"},"modified":"2019-12-02T22:26:21","modified_gmt":"2019-12-02T21:26:21","slug":"majestuosa-y-privada-es-la-blanca-montana","status":"publish","type":"post","link":"https:\/\/www.terram.cl\/biodiversidad\/2017\/10\/20\/majestuosa-y-privada-es-la-blanca-montana\/","title":{"rendered":"Majestuosa y privada es la blanca monta\u00f1a"},"content":{"rendered":"<p><em>El 64 por ciento del territorio nacional est\u00e1 en las monta\u00f1as, pero acceder a ellas es cada vez m\u00e1s complicado. Mineras, hidroel\u00e9ctricas o portones privados se interponen entre las ciudades y las cumbres, al punto que algunos prefieren subir monta\u00f1as del l\u00edmite chileno-argentino por el lado trasandino. La pol\u00edtica de gesti\u00f3n de las monta\u00f1as est\u00e1 en la puerta del horno. \u00bfDar\u00e1 soluci\u00f3n al tema? El senador Horvath dice que el Estado deber\u00eda comprar o expropiar esos terrenos.<\/em><br \/>\nClaudio Lucero (84) se pas\u00f3 su ni\u00f1ez subiendo los cerros de Iquique, la ciudad donde naci\u00f3. Su pap\u00e1 lo llevaba a excursiones en las que pod\u00eda respirar la libertad de las cumbres del desierto y contemplar la ciudad y las estrellas en la noche. De \u00e9l aprendi\u00f3 las primeras lecciones de monta\u00f1ismo y a los veintitantos ya estaba llevando a sus propios alumnos a la punta del cerro porque, para \u00e9l, ese deporte es un pretexto para ense\u00f1ar valores.<br \/>\nLucero lleg\u00f3 a Santiago en la d\u00e9cada del 50 e hizo todas las cumbres que pudo en los alrededores de la ciudad. Sub\u00eda libremente el Provincia, el Punta de Damas, el Tambor o el Abanico. En los 70, gracias a una beca, se titul\u00f3 como instructor en la Escuela de Alta Monta\u00f1a de la ex Uni\u00f3n Sovi\u00e9tica y al volver a Chile lider\u00f3 un proyecto para ense\u00f1ar monta\u00f1ismo a ni\u00f1os y j\u00f3venes de sectores populares durante el gobierno de Salvador Allende. Desde entonces, Lucero ha formado generaciones de deportistas y particip\u00f3 en la primera expedici\u00f3n chilena que lleg\u00f3 a la cumbre del Everest hace 25 a\u00f1os.<br \/>\nPero dice que las cosas han cambiado y que cada vez es m\u00e1s dif\u00edcil subir cerros, porque \u201clas monta\u00f1as en Chile son privadas\u201d. Empresas mineras, hidroel\u00e9ctricas o \u201cprivados que se consiguieron un buen dato para comprarlas y que cobran por dejar pasar o no permiten el paso\u201d, asegura.<br \/>\nSe queja de lo mismo el editor de la revista Escalando, Sergio Infante (34), quien lleva m\u00e1s de diez a\u00f1os subiendo monta\u00f1as. En febrero pasado quiso intentar un desaf\u00edo que ten\u00eda pendiente: el volc\u00e1n Maipo, de 5.300 metros de altura, picos nevados y ubicado a s\u00f3lo 110 kil\u00f3metros de Santiago. Infante tom\u00f3 un bus a Mendoza y desde ah\u00ed viaj\u00f3 otros 200 kil\u00f3metros hasta la Reserva Laguna del Diamante, en Argentina, y al tercer d\u00eda de ascenso lleg\u00f3 a la cumbre que buscaba. \u201cEl espect\u00e1culo era sobrecogedor\u201d.<br \/>\n\u00bfPor qu\u00e9 subi\u00f3 desde el pa\u00eds vecino? \u201cPorque en Argentina el acceso al volc\u00e1n es libre y por una reserva natural; en Chile, en cambio, es propiedad privada y restringido, lo que me parece aberrante\u201d, responde. El volc\u00e1n Maipo es uno de los protagonistas del documental El pa\u00eds de las monta\u00f1as prohibidas que prepara Infante para crear conciencia sobre a este tema. A simple vista, Chile est\u00e1 frente a una paradoja: el 64 por ciento de su territorio es monta\u00f1oso, concentra m\u00e1s del 80 por ciento de los glaciares de Sudam\u00e9rica y por estos d\u00edas aspira a convertirse en el Mejor Destino de Turismo Aventura del mundo, en los World Travel Awards, tambi\u00e9n conocidos como los Oscar del rubro, pero en el que el acceso a esos lugares es cada vez m\u00e1s limitado. \u201cChile se promueve como un destino de monta\u00f1as, pero si quiero subir el volc\u00e1n Maipo, no puedo; si quiero ascender el cerro Negro, no puedo; si quiero ir al glaciar Olivares, no puedo\u2026 \u00bfDe qu\u00e9 me hablan?\u201d, dice.<br \/>\nCristi\u00e1n Donoso, docente de ingenier\u00eda en Expediciones y Ecoturismo de la U. San Sebasti\u00e1n, explica que s\u00f3lo entre los volcanes Tupungato (al sur del Aconcagua, en la Regi\u00f3n Metropolitana) y Maipo existen \u201csiete portones\u201d de \u00e1reas privadas o empresas que impiden llegar desde este pa\u00eds a las principales cumbres compartidas con Argentina. Por eso, los monta\u00f1istas prefieren hacerlo desde el otro lado. \u201cEs como el tap\u00f3n de una botella, nadie puede pasar a zonas maravillosas que podr\u00edan ser aprovechadas por los chilenos\u201d, dice.<br \/>\nSeg\u00fan Donoso, el problema cobra relevancia adem\u00e1s porque hay un creciente inter\u00e9s de la ciudadan\u00eda por conocer el territorio y hacer actividades al aire libre. \u00c9l ha sido testigo de eso porque es director de Andeshandbook -agrupaci\u00f3n que trabaja documentando y difundiendo informaci\u00f3n acerca de los cerros y rutas- que tiene m\u00e1s de 37 mil usuarios registrados en su web. Por su parte, Eduardo Aguirre, presidente de la Federaci\u00f3n de Andinismo de Chile, dice que s\u00f3lo en la Regi\u00f3n Metropolitana hay 27 clubes de monta\u00f1ismo (asociados y no asociados) y estima que hay unos 3.500 deportistas de este tipo en el pa\u00eds.<br \/>\n<strong>La seguridad<\/strong><br \/>\n\u201cLas monta\u00f1as en Chile no son consideradas de uso p\u00fablico y los privados no ven ni les interesa abrir dichos accesos pues no reconocen ese valor\u201d, dice Juan Crist\u00f3bal Arriagada, presidente de Andeshandbook y agrega: \u201cLas empresas s\u00f3lo ven que llegue gente como un problema: que las personas son irresponsables, que se extrav\u00edan, que ensucian. Esto es a causa de la falta de cultura de monta\u00f1a en este pa\u00eds\u201d.<br \/>\nArriagada explica que, adem\u00e1s, ante la falta de acceso, quienes est\u00e1n decididos a subir toman rutas alternativas que a veces pueden ser m\u00e1s largas o peligrosas.<br \/>\nEse es un tema delicado tomando en cuenta que quienes suben cerros y monta\u00f1as no son siempre expertos ni est\u00e1n preparados para hacerlo. Esta fue una de las conclusiones de una investigaci\u00f3n que realizaron tres estudiantes de la UTEM -Patricio Puga, de Cartograf\u00eda y Geom\u00e1tica; Mat\u00edas Sotelo, de Ingenier\u00eda Civil en Prevenci\u00f3n de Riesgo y Medio Ambiente; y Catalina L\u00f3pez, de Ingenier\u00eda en Geomensura- que analizaron los datos de todos los accidentes ocurridos en la Regi\u00f3n Metropolitana en 2016 y se dieron cuenta de que de un total de 82 personas involucradas en episodios problem\u00e1ticos, ocho fueron rescatadas sin vida y el resto pudieron ser salvadas. De esas 82 personas, s\u00f3lo una pertenec\u00eda a un club federado de monta\u00f1a. Adem\u00e1s, cuatro de cada cinco salvatajes ocurrieron en zonas bajas, es decir menos de 2.500 metros de altura. \u201cLas personas salvatadas no ten\u00edan un conocimiento previo. Falta una cultura preventiva, esto significa que tengan una planificaci\u00f3n de la ruta, un equipamiento adecuado y que verifiquen c\u00f3mo va a estar el clima\u201d, explica Mat\u00edas Sotelo, y agrega que si cada vez hay m\u00e1s gente interesada en subir cerros que no son ni profesionales ni expertos, \u201ccon mayor raz\u00f3n se hace necesaria educaci\u00f3n de monta\u00f1a\u201d.<br \/>\n<strong>Abrir el paso<\/strong><br \/>\nExisten varias agrupaciones y monta\u00f1istas que actualmente est\u00e1n trabajando en distintas estrategias para mejorar los accesos a cerros. En agosto pasado, la Universidad Austral de Chile y Fundaci\u00f3n Plantae, que trabaja para la conservaci\u00f3n, acceso y uso consciente de los espacios naturales, organizaron un seminario donde participaron los ministerios de Bienes Nacionales y de Medio Ambiente, y Antonio Horvath, presidente de la Comisi\u00f3n de Zonas Extremas del Senado.<br \/>\nEn esa oportunidad, la ministra de Bienes Nacionales, Nivia Palma, se comprometi\u00f3 a realizar un catastro para identificar las propiedades fiscales en la monta\u00f1a y facilitar el acceso. Pero el senador Horvath dice que se requiere m\u00e1s: \u201cLa soluci\u00f3n est\u00e1 en la compra de esos territorios por parte del Estado para que se puedan generar corredores biol\u00f3gicos que permitan, entre otros, el senderismo en estos lugares, adem\u00e1s de la servidumbre de paso, lo que se habl\u00f3 con la ministra de Bienes Nacionales\u201d, explica y agrega que cuando se trata de fines de utilidad p\u00fablica existe la posibilidad de expropiar terrenos privados para incorporarlos al sistema de \u00e1reas protegidas.<br \/>\nLos monta\u00f1istas y organizaciones tambi\u00e9n est\u00e1n esperando saber qu\u00e9 plantear\u00e1 al respecto la Pol\u00edtica Nacional de Gesti\u00f3n Sustentable de las Monta\u00f1as en Chile.<br \/>\nEn 2007, Chile adhiri\u00f3 a la Alianza para las Monta\u00f1as, asociaci\u00f3n de pa\u00edses creada en la Cumbre de Johannesburgo (2002). La Canciller\u00eda convoc\u00f3 en 2009 a un Comit\u00e9 Nacional de Monta\u00f1as (CNM), donde participan siete ministerios y otras siete reparticiones p\u00fablicas, y elabor\u00f3 el borrador de esa Pol\u00edtica de Gesti\u00f3n Sustentable de las Monta\u00f1as y su plan de acci\u00f3n. \u201cEse borrador no contaba con una clara definici\u00f3n de hitos, metas, plazos y propuestas de acciones urgentes y de alto impacto, adem\u00e1s de escasa significaci\u00f3n presupuestaria\u201d, dice Camilo Hornauer, presidente de Fundaci\u00f3n Plantae.<br \/>\nEn diciembre de 2016 se abri\u00f3 un proceso de participaci\u00f3n ciudadana que recibi\u00f3 m\u00e1s de tres mil contribuciones a ese borrador. La Sociedad Nacional de Miner\u00eda, por ejemplo, envi\u00f3 m\u00e1s de 100 observaciones en representaci\u00f3n de las grandes empresas del rubro. La sociedad civil, por su parte, se agrup\u00f3 en la Voz de la Monta\u00f1a, compuesta por la Fundaci\u00f3n Plantae, Acceso PanAm -organizaci\u00f3n dedicada a preservar y mantener los accesos a las \u00e1reas de escalada-, entre otros grupos, y pidieron declarar bajo protecci\u00f3n oficial todos los espacios fiscales de la cordillera; crear el Instituto de las Monta\u00f1as, y un programa de acceso a los bienes nacionales cordilleranos.<br \/>\nActualmente la informaci\u00f3n est\u00e1 siendo procesada y analizada y se espera una versi\u00f3n final de la pol\u00edtica a fines de este a\u00f1o. Jaime Rovira, secretario t\u00e9cnico del Comit\u00e9 Nacional de las Monta\u00f1as y experto del Ministerio del Medio Ambiente, adelanta que el nuevo ordenamiento dar\u00e1 una hoja de ruta para la gesti\u00f3n acorde a los Objetivos de Desarrollo Sostenible al 2030 y que abordar\u00e1 el marco regulatorio para garantizar un acceso \u201cconsciente, inclusivo y responsable\u201d a las monta\u00f1as.<br \/>\nMientras tanto, los aficionados a la monta\u00f1a tienen un plan alternativo: \u201cQueremos tener una ley como la que existe para el litoral\u201d, dice Camilo Hornauer, lo que significa activar mecanismos jur\u00eddicos como servidumbres y, en caso de los privados, establecer incentivos econ\u00f3micos o tributarios para abrir accesos. Para impulsar esta iniciativa, Plantae est\u00e1 trabajando en un \u201ccatastro de problemas de acceso a nivel nacional\u201d para tener una \u201cfoto clara\u201d que sirva para sentarse a trabajar.<br \/>\n<strong>Cultura de monta\u00f1a<\/strong><br \/>\nEntre quienes tienen experiencia en andinismo y trekking hay coincidencia de que hay que educar m\u00e1s en estas \u00e1reas y desde el colegio. \u201cLo que no se conoce no se puede proteger. Debemos revalorizar las monta\u00f1as y la naturaleza desde los planes y curr\u00edculos de estudios\u201d, dice Camilo Hornauer, mientras Cristi\u00e1n Donoso agrega que el mejoramiento de los accesos debe ir acompa\u00f1ado de planes de manejo, especialmente de residuos, educaci\u00f3n ambiental y de monta\u00f1ismo en ni\u00f1os y j\u00f3venes.<br \/>\nAbraham Paulsen, acad\u00e9mico de Geograf\u00eda de la U. Cat\u00f3lica, explica que desde mediados del siglo XX se instal\u00f3 fuerte el discurso del mar y las oportunidades de ser una regi\u00f3n oce\u00e1nica; en cambio, dice que existe una invisibilizaci\u00f3n de los Andes en los programas y textos de estudio desde fines del siglo XIX que ha impactado negativamente en el conocimiento y la percepci\u00f3n que tiene la ciudadan\u00eda sobre la cordillera, ya que la conciben como un alineamiento de cerros, llena de volcanes, inh\u00f3spita, des\u00e9rtica y despoblada. \u201cSi esta percepci\u00f3n subsiste, lo m\u00e1s probable es que nunca avancemos a un poblamiento u ocupaci\u00f3n territorial sustentable\u201d, dice.<br \/>\nCristi\u00e1n Donoso explica que el turista que viene a Chile busca experiencias con la naturaleza y entonces hay que generar mayores espacios naturales para aprovechar esta demanda espont\u00e1nea. \u201cEl \u00e1rea m\u00e1s din\u00e1mica de la econom\u00eda en Chile es actualmente el turismo, que el a\u00f1o pasado creci\u00f3 16 veces m\u00e1s que la econom\u00eda en general\u201d, explica. Pero, adem\u00e1s, dice, las actividades de monta\u00f1a favorecen el ejercicio y la salud p\u00fablica, y tambi\u00e9n satisfacen necesidades espirituales al entrar en contacto con la naturaleza. Lo mismo piensa Sergio Infante: \u201cCreo que todas las personas deber\u00edan tener la oportunidad de subir un cerro, uno alto, y ver qu\u00e9 les pasa. Creo que cambiar\u00eda su perspectiva de muchas cosas\u201d.<br \/>\n<strong>El protocolo de la discordia<\/strong><br \/>\nPara llegar al volc\u00e1n Maipo desde Santiago hay que pasar por el Fundo Cruz de Piedra, que es propiedad de Gasco, empresa que tiene restringido el acceso por razones de seguridad \u2013ah\u00ed est\u00e1 el gasoducto que transport\u00f3 gas natural desde Argentina hacia Chile- y porque su objetivo es la conservaci\u00f3n del medioambiente y la preservaci\u00f3n de la flora y fauna del lugar, explica Loreto Gonz\u00e1lez, administradora del Fundo Cruz de Piedra. Ella tambi\u00e9n agrega que se autoriza el acceso a empresas que mantienen contratos de servidumbres de paso y a organismos p\u00fablicos y acad\u00e9micos que lo soliciten, pero s\u00f3lo con fines de investigaci\u00f3n.<br \/>\nEl a\u00f1o pasado, Andeshandbook gestion\u00f3 con Gasco un \u201cPermiso especial de acceso al volc\u00e1n Maipo para monta\u00f1istas\u201d, que exige, entre otras cosas, pedir la autorizaci\u00f3n con al menos dos meses de anticipaci\u00f3n a la fecha de la expedici\u00f3n o contar con helic\u00f3ptero de rescate. \u201cFue hecho para decir que no tienen prohibido el paso, pero es imposible cumplir en la pr\u00e1ctica, entonces desincentiva a pedir el paso\u201d, dice Donoso.<br \/>\nLoreto Gonz\u00e1lez explica que el tema de fondo es de seguridad, porque al tratarse de una propiedad privada, la empresa es legalmente responsable de todo lo que ocurra en su interior: \u201cEfectivamente contempla una serie de requisitos que tienen por objeto resguardar la seguridad de las personas y preservar el medioambiente\u201d, dice.<br \/>\nPedro Jara (50) subi\u00f3 el volc\u00e1n por el lado chileno el 2015. \u201cFue una experiencia fant\u00e1stica. Hicimos cumbre en tres d\u00edas\u201d, cuenta. Sobre las condiciones que le impuso la empresa, dice que \u201csi fueran imposibles de cumplir no habr\u00edamos ido. La verdad no fue complicado. \u00bfEl helic\u00f3ptero? No nos pidieron uno\u201d. Sin embargo, m\u00e1s all\u00e1 del tema espec\u00edfico del Maipo, tiene una opini\u00f3n sobre el fondo de este tema: \u201cLas monta\u00f1as deber\u00edan ser p\u00fablicas, pero lamentablemente la legislaci\u00f3n no las contempla como un bien p\u00fablico\u201d.<br \/>\nFuente: La Tercera.<\/p>\n","protected":false},"excerpt":{"rendered":"<p>El 64 por ciento del territorio nacional est\u00e1 en las monta\u00f1as, pero acceder a ellas es cada vez m\u00e1s complicado. Mineras, hidroel\u00e9ctricas o portones privados se&#8230;<\/p>\n","protected":false},"author":16,"featured_media":6107,"comment_status":"open","ping_status":"open","sticky":false,"template":"","format":"standard","meta":{"footnotes":"","_links_to":"","_links_to_target":""},"categories":[393,395,1],"tags":[285],"class_list":["post-6105","post","type-post","status-publish","format-standard","has-post-thumbnail","hentry","category-nacional","category-notas","category-resumen-de-prensa","tag-politica-nacional-de-la-montana"],"_links":{"self":[{"href":"https:\/\/www.terram.cl\/biodiversidad\/wp-json\/wp\/v2\/posts\/6105","targetHints":{"allow":["GET"]}}],"collection":[{"href":"https:\/\/www.terram.cl\/biodiversidad\/wp-json\/wp\/v2\/posts"}],"about":[{"href":"https:\/\/www.terram.cl\/biodiversidad\/wp-json\/wp\/v2\/types\/post"}],"author":[{"embeddable":true,"href":"https:\/\/www.terram.cl\/biodiversidad\/wp-json\/wp\/v2\/users\/16"}],"replies":[{"embeddable":true,"href":"https:\/\/www.terram.cl\/biodiversidad\/wp-json\/wp\/v2\/comments?post=6105"}],"version-history":[{"count":0,"href":"https:\/\/www.terram.cl\/biodiversidad\/wp-json\/wp\/v2\/posts\/6105\/revisions"}],"wp:featuredmedia":[{"embeddable":true,"href":"https:\/\/www.terram.cl\/biodiversidad\/wp-json\/wp\/v2\/media\/6107"}],"wp:attachment":[{"href":"https:\/\/www.terram.cl\/biodiversidad\/wp-json\/wp\/v2\/media?parent=6105"}],"wp:term":[{"taxonomy":"category","embeddable":true,"href":"https:\/\/www.terram.cl\/biodiversidad\/wp-json\/wp\/v2\/categories?post=6105"},{"taxonomy":"post_tag","embeddable":true,"href":"https:\/\/www.terram.cl\/biodiversidad\/wp-json\/wp\/v2\/tags?post=6105"}],"curies":[{"name":"wp","href":"https:\/\/api.w.org\/{rel}","templated":true}]}}