{"id":678,"date":"2012-01-03T13:14:31","date_gmt":"2012-01-03T16:14:31","guid":{"rendered":"http:\/\/www.conservacionybiodiversidad.cl\/?p=678"},"modified":"2012-01-03T13:14:31","modified_gmt":"2012-01-03T16:14:31","slug":"catastrofe-en-torres-del-paine-y-ausencia-de-politica-publica","status":"publish","type":"post","link":"https:\/\/www.terram.cl\/biodiversidad\/2012\/01\/03\/catastrofe-en-torres-del-paine-y-ausencia-de-politica-publica\/","title":{"rendered":"Cat\u00e1strofe en Torres del Paine y ausencia de pol\u00edtica p\u00fablica"},"content":{"rendered":"<p style=\"text-align: justify\">Columna de opini\u00f3n de Flavia Liberona, Directora Ejecutiva Fundaci\u00f3n Terram, publicada en Blog La Tercera el 03 de enero de 2012.<\/p>\n<p><!--more--><\/p>\n<p style=\"text-align: justify\"><a href=\"https:\/\/www.terram.cl\/biodiversidad\/wp-content\/uploads\/sites\/3\/2012\/01\/flavia_liberona_cespedes_2008.jpg\"><img loading=\"lazy\" decoding=\"async\" class=\"alignleft size-full wp-image-679\" title=\"flavia_liberona_cespedes_2008\" src=\"https:\/\/www.terram.cl\/biodiversidad\/wp-content\/uploads\/sites\/3\/2012\/01\/flavia_liberona_cespedes_2008.jpg\" alt=\"\" width=\"150\" height=\"134\" srcset=\"https:\/\/www.terram.cl\/biodiversidad\/wp-content\/uploads\/sites\/3\/2012\/01\/flavia_liberona_cespedes_2008.jpg 150w, https:\/\/www.terram.cl\/biodiversidad\/wp-content\/uploads\/sites\/3\/2012\/01\/flavia_liberona_cespedes_2008-50x45.jpg 50w, https:\/\/www.terram.cl\/biodiversidad\/wp-content\/uploads\/sites\/3\/2012\/01\/flavia_liberona_cespedes_2008-134x120.jpg 134w\" sizes=\"auto, (max-width: 150px) 100vw, 150px\" \/><\/a>Este a\u00f1o 2012 ha comenzado marcado por la angustia, la impotencia y el desconsuelo que nos provoca constatar una vez m\u00e1s la precariedad de las instituciones p\u00fablicas para hacer frente a incendios forestales. El incendio de Torres del Paine, Parque Nacional y Reserva de la Biosfera, el m\u00e1s visitado de Chile principalmente por turistas extranjeros, es un s\u00edntoma claro de la desprotecci\u00f3n en que se encuentran las \u00e1reas protegidas del Estado.<\/p>\n<p style=\"text-align: justify\">Si bien todos sabemos que los incendios forestales en su mayor\u00eda son provocados por seres humanos, y \u00e9sta no es la excepci\u00f3n, tambi\u00e9n sabemos que se pueden prevenir y\/o combatir en forma r\u00e1pida si se cuenta con el equipamiento adecuado, pero nada de eso ha sucedido en el Paine. De poco sirven ahora las recriminaciones por la lentitud de la respuesta del gobierno o las excusas y explicaciones sobre las dificultades de acceso, las condiciones clim\u00e1ticas u otras, pues ya van m\u00e1s de 13.000 ha quemadas y a\u00fan el incendio no se puede controlar del todo.<\/p>\n<p style=\"text-align: justify\">Por ello y paralelamente a que se encuentran trabajando en terreno los equipos que combaten el incendio, es necesario recabar informaci\u00f3n que nos permita dimensionar la precariedad en la que trabajan los Guardaparques y el personal de combate de incendios. Por ejemplo, saber cu\u00e1ntos guardaparques trabajan en forma permanente en Torres del Paine, con qu\u00e9 tipo de equipamiento cuentan, particularmente cu\u00e1les son sus medios de comunicaci\u00f3n -radio, tel\u00e9fono celular satelital u otro-, con qu\u00e9 medios cuentan para desplazarse dentro del parque. Tambi\u00e9n es importante saber si existe un sistema de prevenci\u00f3n o de alerta temprana para incendios, o si hay equipos y personas capacitadas para el combate de incendios permanentemente apostados en el parque. Pero esto no es todo, tambi\u00e9n es necesario hacer una revisi\u00f3n y an\u00e1lisis del presupuesto que se ha destinado en los \u00faltimos a\u00f1os al cuerpo de guardaparques y al personal encargado del combate de incendios, pues todo parece indicar que mientas las cifras indican que los visitantes aumentan en las \u00e1reas protegidas, el presupuesto destinado a su protecci\u00f3n ha disminuido.<\/p>\n<p style=\"text-align: justify\">Pero lejos de estas preocupaciones, hoy vemos a las autoridades, incluidos ministros y parlamentarios, emitir declaraciones en las que se expresa su preocupaci\u00f3n por las p\u00e9rdidas que este incendio provocar\u00e1 a los empresarios tur\u00edsticos, e incluso cuestionar el sistema de administraci\u00f3n p\u00fablica de las \u00e1reas protegidas. La preocupaci\u00f3n principal que se ha manifestado es cu\u00e1ndo se podr\u00e1 reabrir el parque para recibir turistas o si es necesario entregar la administraci\u00f3n de \u00e9ste a privados. Estas mismas autoridades no han dicho nada sobre cu\u00e1nta es la contribuci\u00f3n que hacen estos empresarios tur\u00edsticos al Estado de Chile, especialmente los que tienen concesiones dentro del parque. No debemos olvidar que las \u00e1rea protegidas son parte del patrimonio natural de Chile, que nos pertenecen a todos y que es deber de las autoridades cautelar este bien com\u00fan. Lo peor que pueden hacer las autoridades es eludir su responsabilidad respecto de la precariedad en que se encuentran las \u00e1reas protegidas de Chile, y tratar de buscar soluciones privadas para problemas p\u00fablicos, pues lo chilenos ya sabemos que eso no funciona.<\/p>\n<p style=\"text-align: justify\">Por el momento, s\u00f3lo nos queda esperar que cuanto antes se pueda controlar el incendio y que podamos, con informaci\u00f3n y cifras en mano, discutir cual debe ser una adecuada pol\u00edtica de prevenci\u00f3n y control de incendios en \u00e1reas protegidas; hoy las declaraciones sobran, lo que falta es una pol\u00edtica p\u00fablica que cuente con un financiamiento adecuado.<\/p>\n","protected":false},"excerpt":{"rendered":"<p>Columna de opini\u00f3n de Flavia Liberona, Directora Ejecutiva Fundaci\u00f3n Terram, publicada en Blog La Tercera el 03 de enero de 2012.<\/p>\n","protected":false},"author":16,"featured_media":682,"comment_status":"open","ping_status":"open","sticky":false,"template":"","format":"standard","meta":{"footnotes":"","_links_to":"","_links_to_target":""},"categories":[48],"tags":[7,57],"class_list":["post-678","post","type-post","status-publish","format-standard","has-post-thumbnail","hentry","category-columnas-de-opinion","tag-destacado","tag-torres-del-paine"],"_links":{"self":[{"href":"https:\/\/www.terram.cl\/biodiversidad\/wp-json\/wp\/v2\/posts\/678","targetHints":{"allow":["GET"]}}],"collection":[{"href":"https:\/\/www.terram.cl\/biodiversidad\/wp-json\/wp\/v2\/posts"}],"about":[{"href":"https:\/\/www.terram.cl\/biodiversidad\/wp-json\/wp\/v2\/types\/post"}],"author":[{"embeddable":true,"href":"https:\/\/www.terram.cl\/biodiversidad\/wp-json\/wp\/v2\/users\/16"}],"replies":[{"embeddable":true,"href":"https:\/\/www.terram.cl\/biodiversidad\/wp-json\/wp\/v2\/comments?post=678"}],"version-history":[{"count":0,"href":"https:\/\/www.terram.cl\/biodiversidad\/wp-json\/wp\/v2\/posts\/678\/revisions"}],"wp:featuredmedia":[{"embeddable":true,"href":"https:\/\/www.terram.cl\/biodiversidad\/wp-json\/wp\/v2\/media\/682"}],"wp:attachment":[{"href":"https:\/\/www.terram.cl\/biodiversidad\/wp-json\/wp\/v2\/media?parent=678"}],"wp:term":[{"taxonomy":"category","embeddable":true,"href":"https:\/\/www.terram.cl\/biodiversidad\/wp-json\/wp\/v2\/categories?post=678"},{"taxonomy":"post_tag","embeddable":true,"href":"https:\/\/www.terram.cl\/biodiversidad\/wp-json\/wp\/v2\/tags?post=678"}],"curies":[{"name":"wp","href":"https:\/\/api.w.org\/{rel}","templated":true}]}}