{"id":1822,"date":"2018-08-14T10:52:37","date_gmt":"2018-08-14T14:52:37","guid":{"rendered":"http:\/\/localhost\/terram\/nomascarbon\/\/?p=1822"},"modified":"2018-08-14T10:52:37","modified_gmt":"2018-08-14T14:52:37","slug":"agrupaciones-ambientales-y-vecinos-de-isla-riesco-plantean-su-temor-a-las-tronaduras","status":"publish","type":"post","link":"https:\/\/www.terram.cl\/carbon\/2018\/08\/agrupaciones-ambientales-y-vecinos-de-isla-riesco-plantean-su-temor-a-las-tronaduras\/","title":{"rendered":"Agrupaciones ambientales y vecinos de Isla Riesco plantean su temor a las tronaduras"},"content":{"rendered":"<p>A menos de 10 d\u00edas de que el director nacional del Servicio de Evaluaci\u00f3n Ambiental, Hern\u00e1n Br\u00fccher emita su pronunciamiento definitivo en torno a si se mantiene o no el rechazo al proyecto de Mina Invierno, de usar tronaduras como m\u00e9todo complementario para la remoci\u00f3n de material est\u00e9ril en sus faenas extractivas de carb\u00f3n en Isla Riesco, comuna de R\u00edo Verde, ayer llegaron hasta la intendencia diversas agrupaciones ambientales de Magallanes y vecinos de Isla Riesco quienes sostuvieron una reuni\u00f3n con la primera autoridad regional, Mar\u00eda Teresa Casta\u00f1\u00f3n.<br \/>\nEn la oportunidad, representantes de Greenpeace Magallanes; Frente de Defensa Ecol\u00f3gico Austral; Alerta Isla Riesco; Comunidades Kaw\u00e9sqar por la Defensa del Mar; Real Chile; Patagonia Limpia junto a vecinos de isla Riesco y en representaci\u00f3n de Ongs nacionales hist\u00f3ricamente involucradas en el caso, expusieron a la autoridad los argumentos que indican que \u2018el uso de tronaduras impulsado por C\u00eda Minera Isla Riesco deben permanecer en el rechazo\u2019, seg\u00fan expresaron.<br \/>\n<strong>La fundamentaci\u00f3n<\/strong><br \/>\nEntre los puntos expresados se cuentan seg\u00fan afirmaron los declarantes- la existencia de incumplimientos de la Resoluci\u00f3n de Calificaci\u00f3n Ambiental de Mina Invierno, incluidos dos procesos de sanci\u00f3n llevados a cabo por la SMA Superintendencia del Medio Ambiente-, con 9 y 11 cargos cada uno, por contaminaci\u00f3n de aguas y diversos incumplimientos de su RCA.<\/p>\n<blockquote><p>A ello sumaron que desde el inicio la empresa neg\u00f3 que usar\u00eda tronaduras en su proceso de extracci\u00f3n. \u201cAs\u00ed qued\u00f3 estipulado en su RCA: Considerando 5.1.12 RCA N\u00b0025\/2011, Proyecto Mina Invierno: \u2018El proyecto no contempla el uso de tronaduras como parte de sus procesos de construcci\u00f3n u operaci\u00f3n, atendiendo lo cual, el proyecto no requiere tomar medidas vinculadas con esta actividad\u2019, indicaron junto con aludir que, o bien el proyecto estaba mal realizado o la empresa minti\u00f3.<\/p><\/blockquote>\n<p>Se agrega que el gobierno regional ya dio su parecer. \u201cRechaz\u00f3 en enero de este a\u00f1o el proyecto debido a que no contaba con suficientes antecedentes para descartar impactos en distintos componentes, y solicit\u00f3 que se realizara un Estudio de Impacto Ambiental. Sin embargo, la empresa decide, en vez de realizar un Estudio, apelar a nivel central\u201d.<br \/>\n<strong>Antecedentes al SEA<\/strong><br \/>\nSe\u00f1alaron a la intendenta adem\u00e1s, que a la fecha los informes emanados por los servicios no han resuelto con nuevos antecedentes, los motivos por los que este proyecto fue rechazado, ni ha respondido a la apelaci\u00f3n hecha por la ciudadan\u00eda.<br \/>\nAsimismo, se acusa por parte de las agrupaciones la falta de fiscalizaci\u00f3n y demora en sanciones en proyectos como Mina Invierno, as\u00ed como la postura del gobierno sobre proyecto de tronaduras, \u201cque ha indicado que se mantiene al margen. Sin embargo incorpor\u00f3 en la \u2018Oficina de Proyectos Sustentables\u2019 la iniciativa de las tronaduras, oficina que tiene como objetivo agilizar dichos proyectos\u201d.<br \/>\n<strong>Estudio de Impacto Ambiental<\/strong><br \/>\nDurante la jornada \u2013horas m\u00e1s tarde- y en conversaci\u00f3n con La Prensa Austral, Helen MacLean Mu\u00f1oz, vecina, ganadera y ex concejala de R\u00edo Verde (2004-2008), se sum\u00f3 a la moci\u00f3n general de que el proyecto de tronaduras debe contar con un Estudio de Impacto Ambiental (EIA).<\/p>\n<blockquote><p>\u201cInicialmente la empresa dijo que no las usar\u00eda, pero a\u00f1os m\u00e1s tarde y con la excusa de que las palas se est\u00e1n gastando m\u00e1s de lo esperado, intentaron ingresar la iniciativa por la v\u00eda de la Declaraci\u00f3n de Impacto Ambiental (DIA). Pero lamentablemente, como ellos no han cumplido con la legislaci\u00f3n vigente y han tenido multas en temas medioambientales, no podemos conformarnos con una declaraci\u00f3n jurada\u201d.<\/p><\/blockquote>\n<p><strong>Cr\u00edtica a municipio<\/strong><br \/>\nJunto con ello, desliz\u00f3 una cr\u00edtica al municipio de R\u00edo Verde, en t\u00e9rminos de que no se estar\u00eda involucrando adecuadamente a la comunidad, en reuniones que ata\u00f1en a este proyecto. \u201cEs importante que el gobierno sepa que hay vecinos como yo, que no siendo de grupos ecologistas ni ambientalistas, desaprobamos que temas como este se vean desde una oficina. M\u00e1s a\u00fan cuando vemos que la alcaldesa sale p\u00fablicamente diciendo que la mayor\u00eda de la comunidad apoya a esta empresa \u2018sustentable\u2019, cuando eso no es as\u00ed, cosa que le planteamos a la intendenta. Y no es que se est\u00e9 rechazando per s\u00e9 a la minera ni decimos que las tronaduras son malas por s\u00ed mismas, sino que exigimos que la empresa demuestre con un estudio, que no habr\u00e1 un impacto negativo con su uso\u201d.<br \/>\nPor su parte, la vicepresidenta de la Ong RealChile dedicada a visibilizar conflictos medioambientales- Lorena B\u00f3rquez Rojas, complement\u00f3 diciendo que el gobierno debe ser consecuente con los lineamientos de cuidado medioambiental que dice impulsar y respetar la decisi\u00f3n de la Comisi\u00f3n de Evaluaci\u00f3n Ambiental de Magallanes, que meses atr\u00e1s rechaz\u00f3 el proyecto de tronaduras.<br \/>\nDe igual modo, advirti\u00f3 que es equivocado que la empresa responsabilice exclusivamente a la familia Stipicic o el movimiento Isla Riesco, de la negativa que se ha levantado en torno al proyecto de tronaduras. \u201cHay bastantes vecinos que no est\u00e1n de acuerdo con que el desarrollo de la isla vaya por el lado de la explotaci\u00f3n minera. En nuestro caso como Ong, adherimos a lo planteado por otras agrupaciones, de que debe haber un Estudio de Impacto Ambiental. Es fundamental que las autoridades sepan que hay entidades no vinculadas al sector, que velamos porque las cosas se hagan bien. Ac\u00e1 no se trata de una guerra o que la mina cierre, sino de que la institucionalidad funcione\u201d.<br \/>\nFuente: La Prensa Austral.<\/p>\n","protected":false},"excerpt":{"rendered":"<p>A menos de 10 d\u00edas de que el director nacional del Servicio de Evaluaci\u00f3n Ambiental, Hern\u00e1n Br\u00fccher emita su pronunciamiento definitivo en torno a si se&#8230;<\/p>\n","protected":false},"author":12,"featured_media":1823,"comment_status":"open","ping_status":"open","sticky":false,"template":"","format":"standard","meta":{"footnotes":"","_links_to":"","_links_to_target":""},"categories":[5],"tags":[62,73],"class_list":["post-1822","post","type-post","status-publish","format-standard","has-post-thumbnail","hentry","category-resumen-de-prensa","tag-isla-riesco","tag-mina-invierno"],"_links":{"self":[{"href":"https:\/\/www.terram.cl\/carbon\/wp-json\/wp\/v2\/posts\/1822","targetHints":{"allow":["GET"]}}],"collection":[{"href":"https:\/\/www.terram.cl\/carbon\/wp-json\/wp\/v2\/posts"}],"about":[{"href":"https:\/\/www.terram.cl\/carbon\/wp-json\/wp\/v2\/types\/post"}],"author":[{"embeddable":true,"href":"https:\/\/www.terram.cl\/carbon\/wp-json\/wp\/v2\/users\/12"}],"replies":[{"embeddable":true,"href":"https:\/\/www.terram.cl\/carbon\/wp-json\/wp\/v2\/comments?post=1822"}],"version-history":[{"count":0,"href":"https:\/\/www.terram.cl\/carbon\/wp-json\/wp\/v2\/posts\/1822\/revisions"}],"wp:featuredmedia":[{"embeddable":true,"href":"https:\/\/www.terram.cl\/carbon\/wp-json\/wp\/v2\/media\/1823"}],"wp:attachment":[{"href":"https:\/\/www.terram.cl\/carbon\/wp-json\/wp\/v2\/media?parent=1822"}],"wp:term":[{"taxonomy":"category","embeddable":true,"href":"https:\/\/www.terram.cl\/carbon\/wp-json\/wp\/v2\/categories?post=1822"},{"taxonomy":"post_tag","embeddable":true,"href":"https:\/\/www.terram.cl\/carbon\/wp-json\/wp\/v2\/tags?post=1822"}],"curies":[{"name":"wp","href":"https:\/\/api.w.org\/{rel}","templated":true}]}}